{"id":2103,"date":"2020-06-29T14:38:04","date_gmt":"2020-06-29T12:38:04","guid":{"rendered":"http:\/\/programavagalume.org\/gl\/?p=2103"},"modified":"2022-01-20T10:13:19","modified_gmt":"2022-01-20T09:13:19","slug":"arco-da-vella-v-2020","status":"publish","type":"post","link":"https:\/\/programavagalume.org\/gl\/arco-da-vella-v-2020.html","title":{"rendered":"ARCO DA VELLA V (2020)"},"content":{"rendered":"<div class=\"fusion-fullwidth fullwidth-box fusion-builder-row-1 hundred-percent-fullwidth non-hundred-percent-height-scrolling\" style=\"background-color: rgba(255,255,255,0);background-position: center center;background-repeat: no-repeat;padding-top:0px;padding-right:0px;padding-bottom:0px;padding-left:0px;margin-bottom: 0px;margin-top: 0px;border-width: 0px 0px 0px 0px;border-color:#eae9e9;border-style:solid;\" ><div class=\"fusion-builder-row fusion-row\"><div class=\"fusion-layout-column fusion_builder_column fusion-builder-column-0 fusion_builder_column_1_1 1_1 fusion-one-full fusion-column-first fusion-column-last fusion-column-no-min-height\" style=\"margin-top:0px;margin-bottom:0px;\"><div class=\"fusion-column-wrapper fusion-flex-column-wrapper-legacy\" style=\"background-position:left top;background-repeat:no-repeat;-webkit-background-size:cover;-moz-background-size:cover;-o-background-size:cover;background-size:cover;padding: 0px 0px 0px 0px;\"><div class=\"fusion-text fusion-text-1\"><p style=\"text-align: justify;\"><strong>Proxecto:<\/strong>\u00a0ARCO DA VELLA V, Atenci\u00f3n integral dirixido a persoas en situaci\u00f3n de explotaci\u00f3n sexual, preferentemente inmigrantes, e\/ou v\u00edtimas de trata de seres humanos con fins de explotaci\u00f3n sexual,\u00a0na Comunidade Aut\u00f3noma de\u00a0Galicia 2020<\/p>\n<div class=\"post-content\" style=\"text-align: justify;\">\n<p><strong>Ano:<\/strong>\u00a02020<\/p>\n<p><strong>Financia:<\/strong>\u00a0Fondo Social Europeo e Secretaria Xeral de Igualdade (Xunta de Galicia)<\/p>\n<p><img class=\"size-full wp-image-1980\" src=\"http:\/\/programavagalume.org\/ficheros\/uploads\/2019\/11\/programavagalume_arco-da-vella-iv-2.jpg\" sizes=\"(max-width: 301px) 100vw, 301px\" srcset=\"http:\/\/programavagalume.org\/ficheros\/uploads\/2019\/11\/programavagalume_arco-da-vella-iv-2-300x168.jpg 300w, http:\/\/programavagalume.org\/ficheros\/uploads\/2019\/11\/programavagalume_arco-da-vella-iv-2.jpg 301w\" alt=\"descarga (1)\" width=\"301\" height=\"168\" \/>\u00a0<img class=\"wp-image-1982 alignleft\" src=\"http:\/\/programavagalume.org\/ficheros\/uploads\/2019\/11\/programavagalume_arco-da-vella-iv-2.png\" sizes=\"(max-width: 334px) 100vw, 334px\" srcset=\"http:\/\/programavagalume.org\/ficheros\/uploads\/2019\/11\/programavagalume_arco-da-vella-iv-2-300x57.png 300w, http:\/\/programavagalume.org\/ficheros\/uploads\/2019\/11\/programavagalume_arco-da-vella-iv-2-768x147.png 768w, http:\/\/programavagalume.org\/ficheros\/uploads\/2019\/11\/programavagalume_arco-da-vella-iv-2-1024x196.png 1024w, http:\/\/programavagalume.org\/ficheros\/uploads\/2019\/11\/programavagalume_arco-da-vella-iv-2.png 2005w\" alt=\"logo_sxigualdade_color_4\" width=\"334\" height=\"64\" \/><\/p>\n<p><strong><span style=\"color: #ff6600;\">A necesidade social do proxecto&#8230;\u00a0 \u00a0 \u00a0<\/span>\u00a0 \u00a0 \u00a0 \u00a0 \u00a0 \u00a0 \u00a0 \u00a0 \u00a0\u00a0<\/strong><\/p>\n<\/div>\n<p style=\"text-align: justify;\"><em>As Naci\u00f3ns Unidas calculan que, ao ano, uns catro mill\u00f3ns de mulleres e nenas son v\u00edtimas de trata con fins de explotaci\u00f3n sexual mentres que a OIM (Organizaci\u00f3n Internacional para as Migraci\u00f3ns) advirte que cerca de cen mil mulleres e nenas entran en Europa anualmente como v\u00edtimas de trata con fins de explotaci\u00f3n sexual.<\/em><\/p>\n<p style=\"text-align: justify;\"><em>Na actualidade, a explotaci\u00f3n sexual e a trata de persoas con fins de explotaci\u00f3n sexual est\u00e1 reco\u00f1ecida como unha aut\u00e9ntica escravitude moderna, un fen\u00f3meno que dana fondamente a dignidade humana dende o momento en que limita a capacidade das v\u00edtimas de autodeterminarse e constru\u00edr proxectos de vida propios.<\/em><\/p>\n<p style=\"text-align: justify;\"><em>A gran maior\u00eda das v\u00edtimas son mulleres, calquera interpretaci\u00f3n ou intervenci\u00f3n sobre este fen\u00f3meno ha de ter en conta a perspectiva de x\u00e9nero. Ao igual que outras formas de violencia contra as mulleres, caracter\u00edzase por unha relaci\u00f3n de dominaci\u00f3n dun sexo sobre o outro, que ten as s\u00faas orixes nos valores tradicionais do patriarcado, que asigna roles diferentes a mulleres e homes dende o momento do nacemento. Ademais, estamos ante\u00a0 fen\u00f3menos multidimensionais e, por tanto, con causas m\u00faltiples.<\/em><\/p>\n<p style=\"text-align: justify;\"><em>As causas principais a dif\u00edcil situaci\u00f3n econ\u00f3mica e pol\u00edtica do pa\u00eds de orixe, a feminizaci\u00f3n da pobreza e a emigraci\u00f3n ou a proliferaci\u00f3n de redes de trata transnacionais. Ademais, as v\u00edtimas destes crimes soen ser persoas cun grao de vulnerabilidade moi elevado. O grupo con maior risco de converterse en v\u00edtima \u00e9 o de mulleres e nenas con niveis de escolarizaci\u00f3n baixos, necesidades b\u00e1sicas insatisfeitas ou ben, aquelas que van na busca dunha mellor situaci\u00f3n econ\u00f3mica en contextos de gran precariedade.<\/em><\/p>\n<p style=\"text-align: justify;\"><em>Malia estar falando dun fen\u00f3meno a escala mundial non debemos esquecer a realidade concreta de Espa\u00f1a e, concretamente, de Galicia. Espa\u00f1a sit\u00faase como principal receptor de mulleres v\u00edtimas destes fen\u00f3menos. Por exemplo, os informes \u201cTrata de seres humanos con fins de explotaci\u00f3n sexual\u201d publicados anualmente pola Garda Civil dende 1999, estiman en 18.000 o n\u00famero de mulleres estranxeiras v\u00edtimas deste delito, se ben a propia Garda Civil reco\u00f1ece que o n\u00famero de casos identificados non representa nin a metade dos existentes. A Rede Espa\u00f1ola contra Trata de persoas que agrupa a 24 ONGs, eleva a entre 40.000 e 50.000 as mulleres explotadas no noso pa\u00eds.<\/em><\/p>\n<p style=\"text-align: justify;\"><em>As mulleres v\u00edtimas de explotaci\u00f3n e trata en Espa\u00f1a son, en m\u00e1is do 95%, estranxeiras, e local\u00edzanse por toda xeograf\u00eda espa\u00f1ola. Das s\u00faas nacionalidades despr\u00e9ndense tres orixes b\u00e1sicos: Roman\u00eda (no caso das europeas), Nixeria (para as africanas) e Brasil, Colombia, Rep\u00fablica Dominicana, Paraguai e Venezuela (para as latinoamericanas) . Outro elemento que est\u00e1 a converter a trata de mulleres con fins de explotaci\u00f3n sexual en Espa\u00f1a nun fen\u00f3meno cada vez m\u00e1is preocupante \u00e9 a xuventude das mulleres, dos 23 aos 32 anos, incluso as ONGs alertan de que o 1% das v\u00edtimas poder\u00edan ser menores de idade. Galicia, referente aos datos das mulleres v\u00edtimas de explotaci\u00f3n sexual e trata, segue a mesma li\u00f1a que o resto do Estado.<\/em><\/p>\n<p style=\"text-align: justify;\"><em>No caso de Vagalume \u2013 C\u00c1RITAS durante a execuci\u00f3n do Arco da Vella dende o 2016 foron atendidas\u00a0 preto de 3.000 mulleres. Entre estas atenci\u00f3ns comp\u00fatanse as mulleres atendidas e\/ou informadas en traballo de r\u00faa e aquelas que recibiron atenci\u00f3n xur\u00eddica, psicol\u00f3xica, social\u00a0 ou laboral e as usuarias do centro da muller onde se imparte formaci\u00f3n de diversa \u00edndole e se prestan os servizos mencionados. Nomeadamente vinculadas ao Proxecto Arco da Vella IV (2019)\u00a0 foron atendidas 105 mulleres das que o m\u00e1is do 60% recibiron ou est\u00e1n a recibir unha atenci\u00f3n integral. \u00a0As mulleres que participaron neste proxecto, na s\u00faa totalidade, viron mellorada a s\u00faa calidade de vida e garantidos os seus dereitos fundamentais.<\/em><\/p>\n<p style=\"text-align: justify;\"><em>As mulleres que recibiron ou est\u00e1n a recibir unha atenci\u00f3n integral contan cun proxecto persoal a medio prazo, onde o acompa\u00f1amento, asesoramento e seguimento \u00e9 fundamental.\u00a0 \u00a0A gran maior\u00eda das participantes no proxecto Arco da Vella durante o 2019 atop\u00e1banse (polo menos ao inicio) en situaci\u00f3n administrativa irregular, polo que o seu acceso a recursos sociais \u00e9 limitado e mercado laboral formal inviable; e dadas as circunstancias actuais socioecon\u00f3micas e as caracter\u00edsticas espec\u00edficas do colectivo co que traballamos, \u00e9 preciso facer fincap\u00e9 naqueles aspectos que incidan directamente na s\u00faa recuperaci\u00f3n persoal e na inclusi\u00f3n social, cultural e laboral.<\/em><\/p>\n<p style=\"text-align: justify;\"><em>Durante o 2020, a trav\u00e9s do proxecto Arco da Vella V, pret\u00e9ndese continuar traballando para paliar as graves consecuencias que ten na vida das mulleres ser ou ter sido v\u00edtimas de explotaci\u00f3n sexual e\/ou trata; d\u00e1ndolle continuidade \u00e1s acci\u00f3ns e actividades de proxectos anteriores, incidindo nos obxectivos propostos mais establecendo novas ferramentas, actividades e estratexias para co\u00f1ecer a realidade, intervir con calidade e mellorar a resposta e a intervenci\u00f3n.<\/em><\/p>\n<p style=\"text-align: justify;\"><span style=\"color: #ff6600;\"><strong>Os obxectivos&#8230;<\/strong><\/span><\/p>\n<ul style=\"text-align: justify;\">\n<li><strong>Dotar \u00e1s participantes das ferramentas necesarias para poder iniciar un proceso de busca de emprego eficaz<\/strong>\u00a0a trav\u00e9s de obradoiros formativos prelaborais, orientaci\u00f3n e asesoramento laboral.<\/li>\n<li>Proporcionar \u00e1s participantes\u00a0<strong>asesoramento xur\u00eddico profesional e de calidade sobre os seus dereitos e deberes<\/strong>\u00a0as\u00ed como para a tramitaci\u00f3n de procedementos administrativos de diversa \u00edndole que incidir\u00e1n na procura dunha mellor calidade de vida.<\/li>\n<li><strong>Ofrecer \u00e1s participantes unha atenci\u00f3n psicol\u00f3xica profesional, de calidade e a longo prazo<\/strong>\u00a0que repercuta de maneira positiva nos seus procesos de recuperaci\u00f3n persoal e lles permita acadar autonom\u00eda e seguridade.<\/li>\n<li><strong>Ofrecer un asesoramento social de calidade \u00e1s participantes incidindo no apoio directo, acompa\u00f1amento e seguimento do proxecto persoal<\/strong>\u00a0de cada unha que lles permita o acceso a recursos e garanta os seus dereitos fundamentais.<\/li>\n<li style=\"text-align: justify;\">Proporcionar a todas as mulleres en situaci\u00f3n de explotaci\u00f3n sexual e\/ou v\u00edtimas de trata con fins de explotaci\u00f3n sexual, derivadas ou non das autoridades competentes unha\u00a0<strong>atenci\u00f3n inicial de calidade.<\/strong><\/li>\n<\/ul>\n<p style=\"text-align: justify;\"><span style=\"color: #ff6600;\"><strong>As actuaci\u00f3ns que se levar\u00e1n a cabo&#8230;.<\/strong><\/span><\/p>\n<ul style=\"text-align: justify;\">\n<li>Atenci\u00f3n inicial nos chamamentos realizados polas autoridades competentes. Acollida.<\/li>\n<li>Asesoramento social, apoio directo, atenci\u00f3n, informaci\u00f3n e asesoramento continuado.<\/li>\n<li>Atenci\u00f3n psicol\u00f3xic<\/li>\n<li>Asesoramento xur\u00eddico<\/li>\n<li>Orientaci\u00f3n e asesoramento laboral. Formaci\u00f3n.<\/li>\n<\/ul>\n<p style=\"text-align: justify;\"><strong>\u00a0 \u00a0 \u00a0 \u00a0 \u00a0 \u00a0\u00a0<\/strong><\/p>\n<\/div><div class=\"fusion-clearfix\"><\/div><\/div><\/div><\/div><style type=\"text\/css\">.fusion-fullwidth.fusion-builder-row-1 { overflow:visible; }<\/style><\/div>\n","protected":false},"excerpt":{"rendered":"","protected":false},"author":4,"featured_media":1681,"comment_status":"closed","ping_status":"closed","sticky":false,"template":"","format":"standard","meta":[],"categories":[8],"tags":[287,307,338,45,291,48,284,301,303,328,23],"yoast_head":"<!-- This site is optimized with the Yoast SEO plugin v17.9 - https:\/\/yoast.com\/wordpress\/plugins\/seo\/ -->\n<title>ARCO DA VELLA V (2020) - Vagalume<\/title>\n<meta name=\"robots\" content=\"index, follow, max-snippet:-1, max-image-preview:large, max-video-preview:-1\" \/>\n<link rel=\"canonical\" href=\"https:\/\/programavagalume.org\/gl\/arco-da-vella-v-2020.html\" \/>\n<meta property=\"og:locale\" content=\"es_ES\" \/>\n<meta property=\"og:type\" content=\"article\" \/>\n<meta property=\"og:title\" content=\"ARCO DA VELLA V (2020) - Vagalume\" \/>\n<meta property=\"og:url\" content=\"https:\/\/programavagalume.org\/gl\/arco-da-vella-v-2020.html\" \/>\n<meta property=\"og:site_name\" content=\"Vagalume\" \/>\n<meta property=\"article:published_time\" content=\"2020-06-29T12:38:04+00:00\" \/>\n<meta property=\"article:modified_time\" content=\"2022-01-20T09:13:19+00:00\" \/>\n<meta property=\"og:image\" content=\"http:\/\/programavagalume.org\/ficheros\/uploads\/2018\/10\/programavagalume_arco-vella.jpg\" \/>\n\t<meta property=\"og:image:width\" content=\"1180\" \/>\n\t<meta property=\"og:image:height\" content=\"859\" \/>\n\t<meta property=\"og:image:type\" content=\"image\/jpeg\" \/>\n<meta name=\"twitter:card\" content=\"summary\" \/>\n<meta name=\"twitter:label1\" content=\"Written by\" \/>\n\t<meta name=\"twitter:data1\" content=\"Programa Vagalume\" \/>\n\t<meta name=\"twitter:label2\" content=\"Est. reading time\" \/>\n\t<meta name=\"twitter:data2\" content=\"6 minutes\" \/>\n<script type=\"application\/ld+json\" class=\"yoast-schema-graph\">{\"@context\":\"https:\/\/schema.org\",\"@graph\":[{\"@type\":\"WebSite\",\"@id\":\"https:\/\/programavagalume.org\/#website\",\"url\":\"https:\/\/programavagalume.org\/\",\"name\":\"Vagalume\",\"description\":\"\",\"potentialAction\":[{\"@type\":\"SearchAction\",\"target\":{\"@type\":\"EntryPoint\",\"urlTemplate\":\"https:\/\/programavagalume.org\/?s={search_term_string}\"},\"query-input\":\"required name=search_term_string\"}],\"inLanguage\":\"es-GL\"},{\"@type\":\"ImageObject\",\"@id\":\"https:\/\/programavagalume.org\/gl\/arco-da-vella-v-2020.html#primaryimage\",\"inLanguage\":\"es-GL\",\"url\":\"https:\/\/programavagalume.org\/ficheros\/uploads\/2018\/10\/programavagalume_arco-vella.jpg\",\"contentUrl\":\"https:\/\/programavagalume.org\/ficheros\/uploads\/2018\/10\/programavagalume_arco-vella.jpg\",\"width\":1180,\"height\":859},{\"@type\":\"WebPage\",\"@id\":\"https:\/\/programavagalume.org\/gl\/arco-da-vella-v-2020.html#webpage\",\"url\":\"https:\/\/programavagalume.org\/gl\/arco-da-vella-v-2020.html\",\"name\":\"ARCO DA VELLA V (2020) - Vagalume\",\"isPartOf\":{\"@id\":\"https:\/\/programavagalume.org\/#website\"},\"primaryImageOfPage\":{\"@id\":\"https:\/\/programavagalume.org\/gl\/arco-da-vella-v-2020.html#primaryimage\"},\"datePublished\":\"2020-06-29T12:38:04+00:00\",\"dateModified\":\"2022-01-20T09:13:19+00:00\",\"author\":{\"@id\":\"https:\/\/programavagalume.org\/#\/schema\/person\/1786314d058710c2398f08eb6986ea66\"},\"breadcrumb\":{\"@id\":\"https:\/\/programavagalume.org\/gl\/arco-da-vella-v-2020.html#breadcrumb\"},\"inLanguage\":\"es-GL\",\"potentialAction\":[{\"@type\":\"ReadAction\",\"target\":[\"https:\/\/programavagalume.org\/gl\/arco-da-vella-v-2020.html\"]}]},{\"@type\":\"BreadcrumbList\",\"@id\":\"https:\/\/programavagalume.org\/gl\/arco-da-vella-v-2020.html#breadcrumb\",\"itemListElement\":[{\"@type\":\"ListItem\",\"position\":1,\"name\":\"Portada\",\"item\":\"https:\/\/programavagalume.org\/gl\"},{\"@type\":\"ListItem\",\"position\":2,\"name\":\"ARCO DA VELLA V (2020)\"}]},{\"@type\":\"Person\",\"@id\":\"https:\/\/programavagalume.org\/#\/schema\/person\/1786314d058710c2398f08eb6986ea66\",\"name\":\"Programa Vagalume\",\"url\":\"https:\/\/programavagalume.org\/gl\/author\/vagalume-vaga\"}]}<\/script>\n<!-- \/ Yoast SEO plugin. -->","yoast_head_json":{"title":"ARCO DA VELLA V (2020) - Vagalume","robots":{"index":"index","follow":"follow","max-snippet":"max-snippet:-1","max-image-preview":"max-image-preview:large","max-video-preview":"max-video-preview:-1"},"canonical":"https:\/\/programavagalume.org\/gl\/arco-da-vella-v-2020.html","og_locale":"es_ES","og_type":"article","og_title":"ARCO DA VELLA V (2020) - Vagalume","og_url":"https:\/\/programavagalume.org\/gl\/arco-da-vella-v-2020.html","og_site_name":"Vagalume","article_published_time":"2020-06-29T12:38:04+00:00","article_modified_time":"2022-01-20T09:13:19+00:00","og_image":[{"width":1180,"height":859,"url":"http:\/\/programavagalume.org\/ficheros\/uploads\/2018\/10\/programavagalume_arco-vella.jpg","type":"image\/jpeg"}],"twitter_card":"summary","twitter_misc":{"Written by":"Programa Vagalume","Est. reading time":"6 minutes"},"schema":{"@context":"https:\/\/schema.org","@graph":[{"@type":"WebSite","@id":"https:\/\/programavagalume.org\/#website","url":"https:\/\/programavagalume.org\/","name":"Vagalume","description":"","potentialAction":[{"@type":"SearchAction","target":{"@type":"EntryPoint","urlTemplate":"https:\/\/programavagalume.org\/?s={search_term_string}"},"query-input":"required name=search_term_string"}],"inLanguage":"es-GL"},{"@type":"ImageObject","@id":"https:\/\/programavagalume.org\/gl\/arco-da-vella-v-2020.html#primaryimage","inLanguage":"es-GL","url":"https:\/\/programavagalume.org\/ficheros\/uploads\/2018\/10\/programavagalume_arco-vella.jpg","contentUrl":"https:\/\/programavagalume.org\/ficheros\/uploads\/2018\/10\/programavagalume_arco-vella.jpg","width":1180,"height":859},{"@type":"WebPage","@id":"https:\/\/programavagalume.org\/gl\/arco-da-vella-v-2020.html#webpage","url":"https:\/\/programavagalume.org\/gl\/arco-da-vella-v-2020.html","name":"ARCO DA VELLA V (2020) - Vagalume","isPartOf":{"@id":"https:\/\/programavagalume.org\/#website"},"primaryImageOfPage":{"@id":"https:\/\/programavagalume.org\/gl\/arco-da-vella-v-2020.html#primaryimage"},"datePublished":"2020-06-29T12:38:04+00:00","dateModified":"2022-01-20T09:13:19+00:00","author":{"@id":"https:\/\/programavagalume.org\/#\/schema\/person\/1786314d058710c2398f08eb6986ea66"},"breadcrumb":{"@id":"https:\/\/programavagalume.org\/gl\/arco-da-vella-v-2020.html#breadcrumb"},"inLanguage":"es-GL","potentialAction":[{"@type":"ReadAction","target":["https:\/\/programavagalume.org\/gl\/arco-da-vella-v-2020.html"]}]},{"@type":"BreadcrumbList","@id":"https:\/\/programavagalume.org\/gl\/arco-da-vella-v-2020.html#breadcrumb","itemListElement":[{"@type":"ListItem","position":1,"name":"Portada","item":"https:\/\/programavagalume.org\/gl"},{"@type":"ListItem","position":2,"name":"ARCO DA VELLA V (2020)"}]},{"@type":"Person","@id":"https:\/\/programavagalume.org\/#\/schema\/person\/1786314d058710c2398f08eb6986ea66","name":"Programa Vagalume","url":"https:\/\/programavagalume.org\/gl\/author\/vagalume-vaga"}]}},"_links":{"self":[{"href":"https:\/\/programavagalume.org\/gl\/wp-json\/wp\/v2\/posts\/2103"}],"collection":[{"href":"https:\/\/programavagalume.org\/gl\/wp-json\/wp\/v2\/posts"}],"about":[{"href":"https:\/\/programavagalume.org\/gl\/wp-json\/wp\/v2\/types\/post"}],"author":[{"embeddable":true,"href":"https:\/\/programavagalume.org\/gl\/wp-json\/wp\/v2\/users\/4"}],"replies":[{"embeddable":true,"href":"https:\/\/programavagalume.org\/gl\/wp-json\/wp\/v2\/comments?post=2103"}],"version-history":[{"count":2,"href":"https:\/\/programavagalume.org\/gl\/wp-json\/wp\/v2\/posts\/2103\/revisions"}],"predecessor-version":[{"id":2409,"href":"https:\/\/programavagalume.org\/gl\/wp-json\/wp\/v2\/posts\/2103\/revisions\/2409"}],"wp:featuredmedia":[{"embeddable":true,"href":"https:\/\/programavagalume.org\/gl\/wp-json\/wp\/v2\/media\/1681"}],"wp:attachment":[{"href":"https:\/\/programavagalume.org\/gl\/wp-json\/wp\/v2\/media?parent=2103"}],"wp:term":[{"taxonomy":"category","embeddable":true,"href":"https:\/\/programavagalume.org\/gl\/wp-json\/wp\/v2\/categories?post=2103"},{"taxonomy":"post_tag","embeddable":true,"href":"https:\/\/programavagalume.org\/gl\/wp-json\/wp\/v2\/tags?post=2103"}],"curies":[{"name":"wp","href":"https:\/\/api.w.org\/{rel}","templated":true}]}}