{"id":2077,"date":"2020-05-05T14:52:38","date_gmt":"2020-05-05T12:52:38","guid":{"rendered":"http:\/\/programavagalume.org\/gl\/?p=2077"},"modified":"2022-01-20T10:13:19","modified_gmt":"2022-01-20T09:13:19","slug":"2077","status":"publish","type":"post","link":"https:\/\/programavagalume.org\/gl\/2077.html","title":{"rendered":"IMEVI- INTERVENCI\u00d3N CON MENORES V\u00cdTIMAS DE VIOLENCIA MACHISTA E COAS S\u00daAS NAIS."},"content":{"rendered":"<div class=\"fusion-fullwidth fullwidth-box fusion-builder-row-1 hundred-percent-fullwidth non-hundred-percent-height-scrolling\" style=\"background-color: rgba(255,255,255,0);background-position: center center;background-repeat: no-repeat;padding-top:0px;padding-right:0px;padding-bottom:0px;padding-left:0px;margin-bottom: 0px;margin-top: 0px;border-width: 0px 0px 0px 0px;border-color:#eae9e9;border-style:solid;\" ><div class=\"fusion-builder-row fusion-row\"><div class=\"fusion-layout-column fusion_builder_column fusion-builder-column-0 fusion_builder_column_1_1 1_1 fusion-one-full fusion-column-first fusion-column-last fusion-column-no-min-height\" style=\"margin-top:0px;margin-bottom:0px;\"><div class=\"fusion-column-wrapper fusion-flex-column-wrapper-legacy\" style=\"background-position:left top;background-repeat:no-repeat;-webkit-background-size:cover;-moz-background-size:cover;-o-background-size:cover;background-size:cover;padding: 0px 0px 0px 0px;\"><div class=\"fusion-text fusion-text-1\"><p style=\"text-align: justify;\"><span style=\"color: #000000;\"><strong>T\u00edtulo: <\/strong>IMEVI- INTERVENCI\u00d3N CON MENORES V\u00cdTIMAS DE VIOLENCIA MACHISTA E COAS S\u00daAS NAIS.\u00a0<\/span><\/p>\n<p style=\"text-align: justify;\"><span style=\"color: #000000;\"><strong>Ano: <\/strong>2018-2020<\/span><\/p>\n<p style=\"text-align: justify;\"><span style=\"color: #000000;\"><strong>Financia: <\/strong>Madres Reparadoras, Convocatoria diriXida a MuLLeres en situaci\u00f3n de exclusi\u00f3n grave con crianzas\u00a0a cargo e\/ou v\u00edtimas de violencias machistas.<\/span><\/p>\n<p style=\"text-align: justify;\"><strong><span style=\"color: #ff6600;\">O PROXECTO<\/span><\/strong><\/p>\n<p style=\"text-align: justify;\">IMEVI bas\u00e9ase nunha intervenci\u00f3n personalizada e integral onde o foco de actuaci\u00f3n son os menores e a s\u00faa nai. A finalidade \u00e9 a comprensi\u00f3n, por parte da nai, das secuelas que produciu a violencia machista nos seus fillos e fillas, facilit\u00e1ndolle t\u00e9cnicas para que poidan manexalas, fac\u00e9ndoas protagonistas do proceso de recuperaci\u00f3n persoal como familiar.<\/p>\n<p style=\"text-align: justify;\">Para que isto se faga realidade traballamos mediante d\u00faas li\u00f1as de intervenci\u00f3n:<\/p>\n<p style=\"text-align: justify;\">\u2022<strong> Co\/a MENOR.<\/strong> Desenvolvendo diferentes actuaci\u00f3ns que axudan ao neno\/a ou adolescente a minimizar as secuelas produto da violencia machista. Creando varios espazos; Un espazo Terap\u00e9utico e outro dedicado a Talleres.<\/p>\n<p style=\"text-align: justify;\"><strong>\u2022 Coa NAI.<\/strong> Trab\u00e1llanse pautas educativas baseadas na Disciplina Positiva, creando ou motivando unha nova construci\u00f3n da s\u00faa maternidade. Todo iso, a trav\u00e9s da creaci\u00f3n de dous espazos; un de asesoramento individual e outro compartido cos seus fillos\/as .<\/p>\n<p style=\"text-align: justify;\"><span style=\"color: #ff6600;\"><b>OBXECTIVO XERAL<\/b><\/span><\/p>\n<p style=\"text-align: justify;\">Recuperar ao menor das secuelas da violencia de x\u00e9nero, paralelas \u00e1s da s\u00faa nai, a trav\u00e9s dunha perspectiva de x\u00e9nero e cun enfoque integral das \u00e1reas afectadas (educativa, social, psicol\u00f3xica).<\/p>\n<p style=\"text-align: justify;\"><span style=\"color: #ff6600;\">OBXECTIVOS ESPEC\u00cdFICOS<\/span>:<\/p>\n<p style=\"text-align: justify;\">\u2022 Acoller e acompa\u00f1ar \u00e1 muller v\u00edtima de violencia de x\u00e9nero e os seus fillos e fillas a trav\u00e9s dun proceso de recuperaci\u00f3n.<\/p>\n<p style=\"text-align: justify;\">\u2022 Informar e reflexionar sobre as secuelas da violencia de x\u00e9nero nas mulleres e os seus fillos e fillas, tomando conciencia de que o seu fillo\/para \u00e9 outra v\u00edtima da mesma.<\/p>\n<p style=\"text-align: justify;\">\u2022 Avaliar os estilos educativos e reestruturar crenzas.<\/p>\n<p style=\"text-align: justify;\">\u2022 Dar t\u00e9cnicas de manexo de situaci\u00f3ns coti\u00e1s cos seus fillos\/ as; normas e l\u00edmites, negociaci\u00f3n e resoluci\u00f3n de conflitos, pautas coeducativas e de xesti\u00f3n de emoci\u00f3ns.<\/p>\n<p style=\"text-align: justify;\">\u2022 Fomentar na nai unha autoestima e autoconcepto positivo respecto ao rol de nai. \u2022 Ofrecer vinculaci\u00f3ns afectivas seguras, fiables e cont\u00ednuas con adultos importantes; inclu\u00edndo as t\u00e9cnicas e\/ou voluntarios\/ as do Proxecto.<\/p>\n<p style=\"text-align: justify;\">\u2022 Facilitar procesos relacionales que permitan dar un sentido significativo \u00e1s experiencias, facilitando a toma de decisi\u00f3ns e simbolizaci\u00f3n da violencia sufrida.<\/p>\n<p style=\"text-align: justify;\">\u2022 Facilitar experiencias que promovan a alegr\u00eda e o humor como estratexias de afrontamiento #ante as dificultades atopadas polos cambios sufridos.<\/p>\n<p style=\"text-align: justify;\">\u2022 Favorecer o uso de estratexias creativas e art\u00edsticas que faciliten a representaci\u00f3n das vivencias.<\/p>\n<p style=\"text-align: justify;\">\u2022 Descubrir o impacto que a VG tivo nas s\u00faas crenzas, actitudes, valores e traballar estratexias de autoprotecci\u00f3n.<\/p>\n<p style=\"text-align: justify;\">\u2022 Vivenciar os episodios de violencia, canalizar e regular as emoci\u00f3ns a trav\u00e9s da identificaci\u00f3n das emoci\u00f3ns e o fomento da empat\u00eda.<\/p>\n<p style=\"text-align: justify;\">\u2022 Aprender estratexias de resoluci\u00f3n de conflitos e novas habilidades de comunicaci\u00f3n. \u2022 Mellora da autoestima.<\/p>\n<p style=\"text-align: justify;\">\u2022 Co\u00f1ecemento dos seus dereitos e a vulneraci\u00f3n dos mesmos.<\/p>\n<p style=\"text-align: justify;\"><span style=\"color: #ff6600;\"><strong> ACTIVIDADES<\/strong><\/span><\/p>\n<p style=\"text-align: justify;\"><span style=\"color: #ff6600;\">ESPAZO TERAP\u00c9UTICO.<\/span><\/p>\n<p style=\"text-align: justify;\">Espazo facilitador no que cada neno, nena ou adolescente expresa abertamente os seus sentimentos como forma de canalizar progresivamente emoci\u00f3ns e incorporar t\u00e9cnicas, ou estratexias alternativas ao seu comportamento; con obxecto dunha mellor resoluci\u00f3n das s\u00faas historias. Convocatoria Mujeres en situaci\u00f3n de exclusi\u00f3n grave con hijos\/as a cargo y\/o v\u00edctimas de violencias machistas.<\/p>\n<p style=\"text-align: justify;\"><span style=\"color: #ff6600;\">TALLERES TERAP\u00c9UTICOS.<\/span><\/p>\n<p style=\"text-align: justify;\">Espazo centrado en recuperar o bo trato con obxecto de reconstru\u00edr a resiliencia infantil-xuvenil mediante actividades relacionales. Pot\u00e9ncianse as s\u00faas capacidades e habilidades, as\u00ed como empezan a externalizar dificultades.<\/p>\n<p style=\"text-align: justify;\"><span style=\"color: #ff6600;\">ESPAZO SOCIO-EDUCATIVO<\/span><\/p>\n<p style=\"text-align: justify;\">Espazo centrado no rol materno e as consecuencias que a violencia machista produce. Trab\u00e1llase por atopar e identificar aquelas habilidades que se atopaban antes de iniciarse a violencia, para adestrar e visibilizar ditas habilidades no repertorio de condutas da nai.<\/p>\n<p style=\"text-align: justify;\"><span style=\"color: #ff6600;\"><strong> CONCLUSI\u00d3NS<\/strong> <\/span><\/p>\n<p style=\"text-align: justify;\">Podemos dicir que a maneira de intervir de forma integral e individualizada do Proxecto \u00e9 eficaz e adecuada, repercutindo de maneira moi positiva tanto na vida das nais v\u00edtimas de violencia machista como dos seus fillos e fillas. As nais senten acompa\u00f1alas nun proceso de recuperaci\u00f3n duro e delicado, pero a pesar diso, fortal\u00e9cense e iniciasen unha mellora en canto \u00e1 recuperaci\u00f3n do control da s\u00faa vida e o da s\u00faa familia, que en moitas delas era algo inimaxinable. En canto aos seus fillos e fillas, dicir que as actividades realizadas son moi pertinentes porque tanto a nivel individual como grupal poden traballar emoci\u00f3ns e condutas, as\u00ed como descubrir outra forma de relacionarse con eles\/ as mesmos\/ as e o mundo que lles rodea.<\/p>\n<\/div><div class=\"fusion-clearfix\"><\/div><\/div><\/div><\/div><style type=\"text\/css\">.fusion-fullwidth.fusion-builder-row-1 { overflow:visible; }<\/style><\/div>\n","protected":false},"excerpt":{"rendered":"","protected":false},"author":4,"featured_media":2078,"comment_status":"closed","ping_status":"closed","sticky":false,"template":"","format":"standard","meta":[],"categories":[8],"tags":[89,35,287,337,405,67,171,406,126,56,147,338,408,45,34,291,321,184,199,358,309,73,193,88],"yoast_head":"<!-- This site is optimized with the Yoast SEO plugin v17.9 - https:\/\/yoast.com\/wordpress\/plugins\/seo\/ -->\n<title>IMEVI- INTERVENCI\u00d3N CON MENORES V\u00cdTIMAS DE VIOLENCIA MACHISTA E COAS S\u00daAS NAIS. - Vagalume<\/title>\n<meta name=\"robots\" content=\"index, follow, max-snippet:-1, max-image-preview:large, max-video-preview:-1\" \/>\n<link rel=\"canonical\" href=\"https:\/\/programavagalume.org\/gl\/2077.html\" \/>\n<meta property=\"og:locale\" content=\"es_ES\" \/>\n<meta property=\"og:type\" content=\"article\" \/>\n<meta property=\"og:title\" content=\"IMEVI- INTERVENCI\u00d3N CON MENORES V\u00cdTIMAS DE VIOLENCIA MACHISTA E COAS S\u00daAS NAIS. - Vagalume\" \/>\n<meta property=\"og:url\" content=\"https:\/\/programavagalume.org\/gl\/2077.html\" \/>\n<meta property=\"og:site_name\" content=\"Vagalume\" \/>\n<meta property=\"article:published_time\" content=\"2020-05-05T12:52:38+00:00\" \/>\n<meta property=\"article:modified_time\" content=\"2022-01-20T09:13:19+00:00\" \/>\n<meta property=\"og:image\" content=\"http:\/\/programavagalume.org\/ficheros\/uploads\/2020\/05\/programavagalume_kite-1666816_1280.jpg\" \/>\n\t<meta property=\"og:image:width\" content=\"929\" \/>\n\t<meta property=\"og:image:height\" content=\"1280\" \/>\n\t<meta property=\"og:image:type\" content=\"image\/jpeg\" \/>\n<meta name=\"twitter:card\" content=\"summary\" \/>\n<meta name=\"twitter:label1\" content=\"Written by\" \/>\n\t<meta name=\"twitter:data1\" content=\"Programa Vagalume\" \/>\n\t<meta name=\"twitter:label2\" content=\"Est. reading time\" \/>\n\t<meta name=\"twitter:data2\" content=\"4 minutes\" \/>\n<script type=\"application\/ld+json\" class=\"yoast-schema-graph\">{\"@context\":\"https:\/\/schema.org\",\"@graph\":[{\"@type\":\"WebSite\",\"@id\":\"https:\/\/programavagalume.org\/#website\",\"url\":\"https:\/\/programavagalume.org\/\",\"name\":\"Vagalume\",\"description\":\"\",\"potentialAction\":[{\"@type\":\"SearchAction\",\"target\":{\"@type\":\"EntryPoint\",\"urlTemplate\":\"https:\/\/programavagalume.org\/?s={search_term_string}\"},\"query-input\":\"required name=search_term_string\"}],\"inLanguage\":\"es-GL\"},{\"@type\":\"ImageObject\",\"@id\":\"https:\/\/programavagalume.org\/gl\/2077.html#primaryimage\",\"inLanguage\":\"es-GL\",\"url\":\"https:\/\/programavagalume.org\/ficheros\/uploads\/2020\/05\/programavagalume_kite-1666816_1280.jpg\",\"contentUrl\":\"https:\/\/programavagalume.org\/ficheros\/uploads\/2020\/05\/programavagalume_kite-1666816_1280.jpg\",\"width\":929,\"height\":1280},{\"@type\":\"WebPage\",\"@id\":\"https:\/\/programavagalume.org\/gl\/2077.html#webpage\",\"url\":\"https:\/\/programavagalume.org\/gl\/2077.html\",\"name\":\"IMEVI- INTERVENCI\\u00d3N CON MENORES V\\u00cdTIMAS DE VIOLENCIA MACHISTA E COAS S\\u00daAS NAIS. - Vagalume\",\"isPartOf\":{\"@id\":\"https:\/\/programavagalume.org\/#website\"},\"primaryImageOfPage\":{\"@id\":\"https:\/\/programavagalume.org\/gl\/2077.html#primaryimage\"},\"datePublished\":\"2020-05-05T12:52:38+00:00\",\"dateModified\":\"2022-01-20T09:13:19+00:00\",\"author\":{\"@id\":\"https:\/\/programavagalume.org\/#\/schema\/person\/1786314d058710c2398f08eb6986ea66\"},\"breadcrumb\":{\"@id\":\"https:\/\/programavagalume.org\/gl\/2077.html#breadcrumb\"},\"inLanguage\":\"es-GL\",\"potentialAction\":[{\"@type\":\"ReadAction\",\"target\":[\"https:\/\/programavagalume.org\/gl\/2077.html\"]}]},{\"@type\":\"BreadcrumbList\",\"@id\":\"https:\/\/programavagalume.org\/gl\/2077.html#breadcrumb\",\"itemListElement\":[{\"@type\":\"ListItem\",\"position\":1,\"name\":\"Portada\",\"item\":\"https:\/\/programavagalume.org\/gl\"},{\"@type\":\"ListItem\",\"position\":2,\"name\":\"IMEVI- INTERVENCI\\u00d3N CON MENORES V\\u00cdTIMAS DE VIOLENCIA MACHISTA E COAS S\\u00daAS NAIS.\"}]},{\"@type\":\"Person\",\"@id\":\"https:\/\/programavagalume.org\/#\/schema\/person\/1786314d058710c2398f08eb6986ea66\",\"name\":\"Programa Vagalume\",\"url\":\"https:\/\/programavagalume.org\/gl\/author\/vagalume-vaga\"}]}<\/script>\n<!-- \/ Yoast SEO plugin. -->","yoast_head_json":{"title":"IMEVI- INTERVENCI\u00d3N CON MENORES V\u00cdTIMAS DE VIOLENCIA MACHISTA E COAS S\u00daAS NAIS. - Vagalume","robots":{"index":"index","follow":"follow","max-snippet":"max-snippet:-1","max-image-preview":"max-image-preview:large","max-video-preview":"max-video-preview:-1"},"canonical":"https:\/\/programavagalume.org\/gl\/2077.html","og_locale":"es_ES","og_type":"article","og_title":"IMEVI- INTERVENCI\u00d3N CON MENORES V\u00cdTIMAS DE VIOLENCIA MACHISTA E COAS S\u00daAS NAIS. - Vagalume","og_url":"https:\/\/programavagalume.org\/gl\/2077.html","og_site_name":"Vagalume","article_published_time":"2020-05-05T12:52:38+00:00","article_modified_time":"2022-01-20T09:13:19+00:00","og_image":[{"width":929,"height":1280,"url":"http:\/\/programavagalume.org\/ficheros\/uploads\/2020\/05\/programavagalume_kite-1666816_1280.jpg","type":"image\/jpeg"}],"twitter_card":"summary","twitter_misc":{"Written by":"Programa Vagalume","Est. reading time":"4 minutes"},"schema":{"@context":"https:\/\/schema.org","@graph":[{"@type":"WebSite","@id":"https:\/\/programavagalume.org\/#website","url":"https:\/\/programavagalume.org\/","name":"Vagalume","description":"","potentialAction":[{"@type":"SearchAction","target":{"@type":"EntryPoint","urlTemplate":"https:\/\/programavagalume.org\/?s={search_term_string}"},"query-input":"required name=search_term_string"}],"inLanguage":"es-GL"},{"@type":"ImageObject","@id":"https:\/\/programavagalume.org\/gl\/2077.html#primaryimage","inLanguage":"es-GL","url":"https:\/\/programavagalume.org\/ficheros\/uploads\/2020\/05\/programavagalume_kite-1666816_1280.jpg","contentUrl":"https:\/\/programavagalume.org\/ficheros\/uploads\/2020\/05\/programavagalume_kite-1666816_1280.jpg","width":929,"height":1280},{"@type":"WebPage","@id":"https:\/\/programavagalume.org\/gl\/2077.html#webpage","url":"https:\/\/programavagalume.org\/gl\/2077.html","name":"IMEVI- INTERVENCI\u00d3N CON MENORES V\u00cdTIMAS DE VIOLENCIA MACHISTA E COAS S\u00daAS NAIS. - Vagalume","isPartOf":{"@id":"https:\/\/programavagalume.org\/#website"},"primaryImageOfPage":{"@id":"https:\/\/programavagalume.org\/gl\/2077.html#primaryimage"},"datePublished":"2020-05-05T12:52:38+00:00","dateModified":"2022-01-20T09:13:19+00:00","author":{"@id":"https:\/\/programavagalume.org\/#\/schema\/person\/1786314d058710c2398f08eb6986ea66"},"breadcrumb":{"@id":"https:\/\/programavagalume.org\/gl\/2077.html#breadcrumb"},"inLanguage":"es-GL","potentialAction":[{"@type":"ReadAction","target":["https:\/\/programavagalume.org\/gl\/2077.html"]}]},{"@type":"BreadcrumbList","@id":"https:\/\/programavagalume.org\/gl\/2077.html#breadcrumb","itemListElement":[{"@type":"ListItem","position":1,"name":"Portada","item":"https:\/\/programavagalume.org\/gl"},{"@type":"ListItem","position":2,"name":"IMEVI- INTERVENCI\u00d3N CON MENORES V\u00cdTIMAS DE VIOLENCIA MACHISTA E COAS S\u00daAS NAIS."}]},{"@type":"Person","@id":"https:\/\/programavagalume.org\/#\/schema\/person\/1786314d058710c2398f08eb6986ea66","name":"Programa Vagalume","url":"https:\/\/programavagalume.org\/gl\/author\/vagalume-vaga"}]}},"_links":{"self":[{"href":"https:\/\/programavagalume.org\/gl\/wp-json\/wp\/v2\/posts\/2077"}],"collection":[{"href":"https:\/\/programavagalume.org\/gl\/wp-json\/wp\/v2\/posts"}],"about":[{"href":"https:\/\/programavagalume.org\/gl\/wp-json\/wp\/v2\/types\/post"}],"author":[{"embeddable":true,"href":"https:\/\/programavagalume.org\/gl\/wp-json\/wp\/v2\/users\/4"}],"replies":[{"embeddable":true,"href":"https:\/\/programavagalume.org\/gl\/wp-json\/wp\/v2\/comments?post=2077"}],"version-history":[{"count":4,"href":"https:\/\/programavagalume.org\/gl\/wp-json\/wp\/v2\/posts\/2077\/revisions"}],"predecessor-version":[{"id":2416,"href":"https:\/\/programavagalume.org\/gl\/wp-json\/wp\/v2\/posts\/2077\/revisions\/2416"}],"wp:featuredmedia":[{"embeddable":true,"href":"https:\/\/programavagalume.org\/gl\/wp-json\/wp\/v2\/media\/2078"}],"wp:attachment":[{"href":"https:\/\/programavagalume.org\/gl\/wp-json\/wp\/v2\/media?parent=2077"}],"wp:term":[{"taxonomy":"category","embeddable":true,"href":"https:\/\/programavagalume.org\/gl\/wp-json\/wp\/v2\/categories?post=2077"},{"taxonomy":"post_tag","embeddable":true,"href":"https:\/\/programavagalume.org\/gl\/wp-json\/wp\/v2\/tags?post=2077"}],"curies":[{"name":"wp","href":"https:\/\/api.w.org\/{rel}","templated":true}]}}