{"id":2070,"date":"2020-05-05T13:29:02","date_gmt":"2020-05-05T11:29:02","guid":{"rendered":"http:\/\/programavagalume.org\/gl\/?p=2070"},"modified":"2020-05-05T13:29:02","modified_gmt":"2020-05-05T11:29:02","slug":"intervencion-socieducativa-coa-infancia-adolescencia-e-as-suas-familias","status":"publish","type":"post","link":"https:\/\/programavagalume.org\/gl\/intervencion-socieducativa-coa-infancia-adolescencia-e-as-suas-familias.html","title":{"rendered":"Intervenci\u00f3n socieducativa coa infancia, adolescencia e as s\u00faas familias."},"content":{"rendered":"<div class=\"fusion-text fusion-text-1\"><\/p>\n<p style=\"text-align: justify;\"><strong>T\u00edtulo:\u00a0<\/strong>Intervenci\u00f3n socieducativa coa infancia, adolescencia e as s\u00faas familias.<\/p>\n<p style=\"text-align: justify;\"><strong>Ano:\u00a0<\/strong>2017-2018<\/p>\n<p style=\"text-align: justify;\"><strong>Financia:\u00a0<\/strong>Convocatoria Bienal C\u00e1ritas Espa\u00f1ola 2017-2018 Atenci\u00f3n de la Infancia, Adolescencia y Personas Mayores\u00a0<img class=\"aligncenter\" src=\"https:\/\/lh3.googleusercontent.com\/proxy\/5lzxCfww_PzQQ_9841tpTkqhjFZBzjfPX0lFCiTcwTTgtj6cy5V1smE7yLgECCSIPYof_gnrMe-UggFkChg8yuoWhZh7c6VdpkttBj-4\" alt=\"ZIES realiza la Encuesta Inmigraci\u00f3n y Refugio 2017 para C\u00e1ritas ...\" width=\"153\" height=\"130\" \/><\/p>\n<p style=\"text-align: justify;\"><strong><span style=\"color: #800080;\">O PROXECTO<\/span><\/strong><\/p>\n<p style=\"text-align: justify;\">Este proxecto busca romper a transmisi\u00f3n da pobreza de nais a fillos\/ as. Sup\u00f3n favorecer o desenvolvemento integral da infancia, potenciando as s\u00faas capacidades, potencialidades e traballar coa s\u00faa familia para crear espazos de seguridade e afecto.<\/p>\n<p style=\"text-align: justify;\">As dificultades de integraci\u00f3n das familias en situaci\u00f3n de vulnerabilidade e\/ou risco social afectan os nenos, nenas e adolescentes. Nestes vese seriamente comprometido o seu desenvolvemento f\u00edsico, emocional e cognitivo como consecuencia das m\u00faltiples carencias materiais e psicosociais asociadas \u00e1 s\u00faa situaci\u00f3n. Por tanto, e como resposta ao reto de mellorar as oportunidades e a inclusi\u00f3n dos nenos, nenas e adolescentes desenvolvemos unha serie de actuaci\u00f3ns, en clara sinton\u00eda co obxectivo de loitar contra a exclusi\u00f3n social.<\/p>\n<p style=\"text-align: justify;\">O crer nas potencialidades de crecemento, cambio e mellora de todo neno, nena e adolescente en pleno proceso de desenvolvemento e formaci\u00f3n, e a s\u00faa familia, fundamenta a nosa acci\u00f3n socioeducativa, con independencia do grao de vulnerabilidade ou fraxilidade da unidade familiar. Isto permite a mellora da realidade da infancia e as s\u00faas familias; das s\u00faas capacidades, aspiraci\u00f3ns e autonom\u00eda.<\/p>\n<p style=\"text-align: justify;\">En consecuencia, as li\u00f1as de traballo c\u00e9ntranse no apoio social, emocional, socioeducativo e familiar, as\u00ed como a creaci\u00f3n de sinerxias con outros recursos ou entidades. Durante o proceso caracter\u00edzanos o dinamismo e a flexibilidade, de modo que se introducen progresivamente elementos de mellora coa vontade de conseguir unha atenci\u00f3n de calidade para os nenos, nenas, adolescentes e as s\u00faas familias.<\/p>\n<p style=\"text-align: justify;\"><span style=\"color: #800080;\"><strong>OBXECTIVO XERAL: <\/strong><\/span>Ofrecer un apoio integral \u00e1s familias en dificultade social con fillos menores de 18 anos ao seu cargo, favorecendo a s\u00faa inserci\u00f3n socio-laboral e formativa, realizando un traballo socioeducativo de acompa\u00f1amento e traballo rec\u00edproco con toda a unidade familiar onde elas sexan as protagonistas do seu cambio, ademais de educar para a consecuci\u00f3n da maduraci\u00f3n persoal evitando situaci\u00f3ns de risco de exclusi\u00f3n social integrando aos nenos e mozos na vida activa a trav\u00e9s de acci\u00f3ns educativas e de lecer saudable.<\/p>\n<p style=\"text-align: justify;\"><strong><span style=\"color: #800080;\">ACTIVIDADES<\/span><\/strong><\/p>\n<p style=\"text-align: justify;\">Actividades de formaci\u00f3n c\u00edvica (din\u00e1micas, talleres, manualidades), de mellora de habilidades sociais (comunicaci\u00f3n e resoluci\u00f3n de conflitos), apoio escolar (motivaci\u00f3n para o estudo e t\u00e9cnicas de estudo), actividades para traballar emoci\u00f3ns, talleres de xogos de mesa e cooperativos, actividades culturais e celebraci\u00f3ns especiais, informaci\u00f3n e derivaci\u00f3n cara a actividades de integraci\u00f3n (Campamentos urbanos, Colonias, etc)<\/p>\n<p style=\"text-align: justify;\"><strong><span style=\"color: #800080;\">CONCLUSI\u00d3NS<\/span><\/strong><\/p>\n<p style=\"text-align: justify;\">Desde o proxecto ofrecemos un apoio integral \u00e1s familias en dificultade ou risco social con fillos e fillas menores de 18 anos, favorecendo a s\u00faa inserci\u00f3n social e formativa, promovendo a igualdade de oportunidades e posibilitando a conciliaci\u00f3n familiar e laboral.<\/p>\n<p style=\"text-align: justify;\">M\u00e1is especificamente, e segundo os obxectivos expostos o grao de cumprimento foi o seguinte:<\/p>\n<p style=\"text-align: justify;\">1. Nun 100% apoi\u00e1ronse \u00e1s familias monoparentais en dificultade social e favoreceuse a inserci\u00f3n social, laboral e formativa. Nun 100% promoveuse a igualdade de oportunidades sociais e laborais, posibilitando tam\u00e9n a conciliaci\u00f3n social e laboral das familias atendidas.<\/p>\n<p style=\"text-align: justify;\">2. Nun 100% mellor\u00e1ronse as habilidades, destrezas socioeducativas e responsabilidades das familias. Inici\u00e1ronse procesos de mellora da socializaci\u00f3n, comunicaci\u00f3n intrafamiliar, autonom\u00eda e convivencia entre os membros da unidade familiar.<\/p>\n<p style=\"text-align: justify;\">3. Creouse un espazo educativo para favorecer a integraci\u00f3n dos menores tanto familiar como social a trav\u00e9s de factores protectores.<\/p>\n<p style=\"text-align: justify;\">4. Os menores melloran nun 85% o seu comportamento en casa, no colexio e no desenvolvemento das actividades, a s\u00faa autoestima e nun 80% o seu equilibrio emocional. Nun 100% inician unha mellora a nivel curricular e organizaci\u00f3n escolar.<\/p>\n<p style=\"text-align: justify;\">5. Traballouse con outras organizaci\u00f3n ou entidades, a trav\u00e9s de reuni\u00f3ns, para optimizar recursos e atender as necesidades ou demandas dos\/ as participantes.<\/p>\n<p>\n<\/div>\n","protected":false},"excerpt":{"rendered":"","protected":false},"author":4,"featured_media":1305,"comment_status":"closed","ping_status":"closed","sticky":false,"template":"","format":"standard","meta":[],"categories":[8],"tags":[26,89,313,35,287,235,337,61,171,75,307,296,147,311,45,34,409,40,83,48,21,88],"yoast_head":"<!-- This site is optimized with the Yoast SEO plugin v17.9 - https:\/\/yoast.com\/wordpress\/plugins\/seo\/ -->\n<title>Intervenci\u00f3n socieducativa coa infancia, adolescencia e as s\u00faas familias. - Vagalume<\/title>\n<meta name=\"robots\" content=\"index, follow, max-snippet:-1, max-image-preview:large, max-video-preview:-1\" \/>\n<link rel=\"canonical\" href=\"https:\/\/programavagalume.org\/gl\/intervencion-socieducativa-coa-infancia-adolescencia-e-as-suas-familias.html\" \/>\n<meta property=\"og:locale\" content=\"es_ES\" \/>\n<meta property=\"og:type\" content=\"article\" \/>\n<meta property=\"og:title\" content=\"Intervenci\u00f3n socieducativa coa infancia, adolescencia e as s\u00faas familias. - Vagalume\" \/>\n<meta property=\"og:url\" content=\"https:\/\/programavagalume.org\/gl\/intervencion-socieducativa-coa-infancia-adolescencia-e-as-suas-familias.html\" \/>\n<meta property=\"og:site_name\" content=\"Vagalume\" \/>\n<meta property=\"article:published_time\" content=\"2020-05-05T11:29:02+00:00\" \/>\n<meta property=\"og:image\" content=\"https:\/\/programavagalume.org\/ficheros\/uploads\/2017\/03\/programavagalume_familia-manos.jpg\" \/>\n\t<meta property=\"og:image:width\" content=\"960\" \/>\n\t<meta property=\"og:image:height\" content=\"640\" \/>\n\t<meta property=\"og:image:type\" content=\"image\/jpeg\" \/>\n<meta name=\"twitter:card\" content=\"summary\" \/>\n<meta name=\"twitter:label1\" content=\"Written by\" \/>\n\t<meta name=\"twitter:data1\" content=\"Programa Vagalume\" \/>\n\t<meta name=\"twitter:label2\" content=\"Est. reading time\" \/>\n\t<meta name=\"twitter:data2\" content=\"3 minutes\" \/>\n<script type=\"application\/ld+json\" class=\"yoast-schema-graph\">{\"@context\":\"https:\/\/schema.org\",\"@graph\":[{\"@type\":\"WebSite\",\"@id\":\"https:\/\/programavagalume.org\/#website\",\"url\":\"https:\/\/programavagalume.org\/\",\"name\":\"Vagalume\",\"description\":\"\",\"potentialAction\":[{\"@type\":\"SearchAction\",\"target\":{\"@type\":\"EntryPoint\",\"urlTemplate\":\"https:\/\/programavagalume.org\/?s={search_term_string}\"},\"query-input\":\"required name=search_term_string\"}],\"inLanguage\":\"es-GL\"},{\"@type\":\"ImageObject\",\"@id\":\"https:\/\/programavagalume.org\/gl\/intervencion-socieducativa-coa-infancia-adolescencia-e-as-suas-familias.html#primaryimage\",\"inLanguage\":\"es-GL\",\"url\":\"https:\/\/programavagalume.org\/ficheros\/uploads\/2017\/03\/programavagalume_familia-manos.jpg\",\"contentUrl\":\"https:\/\/programavagalume.org\/ficheros\/uploads\/2017\/03\/programavagalume_familia-manos.jpg\",\"width\":960,\"height\":640},{\"@type\":\"WebPage\",\"@id\":\"https:\/\/programavagalume.org\/gl\/intervencion-socieducativa-coa-infancia-adolescencia-e-as-suas-familias.html#webpage\",\"url\":\"https:\/\/programavagalume.org\/gl\/intervencion-socieducativa-coa-infancia-adolescencia-e-as-suas-familias.html\",\"name\":\"Intervenci\\u00f3n socieducativa coa infancia, adolescencia e as s\\u00faas familias. - Vagalume\",\"isPartOf\":{\"@id\":\"https:\/\/programavagalume.org\/#website\"},\"primaryImageOfPage\":{\"@id\":\"https:\/\/programavagalume.org\/gl\/intervencion-socieducativa-coa-infancia-adolescencia-e-as-suas-familias.html#primaryimage\"},\"datePublished\":\"2020-05-05T11:29:02+00:00\",\"dateModified\":\"2020-05-05T11:29:02+00:00\",\"author\":{\"@id\":\"https:\/\/programavagalume.org\/#\/schema\/person\/1786314d058710c2398f08eb6986ea66\"},\"breadcrumb\":{\"@id\":\"https:\/\/programavagalume.org\/gl\/intervencion-socieducativa-coa-infancia-adolescencia-e-as-suas-familias.html#breadcrumb\"},\"inLanguage\":\"es-GL\",\"potentialAction\":[{\"@type\":\"ReadAction\",\"target\":[\"https:\/\/programavagalume.org\/gl\/intervencion-socieducativa-coa-infancia-adolescencia-e-as-suas-familias.html\"]}]},{\"@type\":\"BreadcrumbList\",\"@id\":\"https:\/\/programavagalume.org\/gl\/intervencion-socieducativa-coa-infancia-adolescencia-e-as-suas-familias.html#breadcrumb\",\"itemListElement\":[{\"@type\":\"ListItem\",\"position\":1,\"name\":\"Portada\",\"item\":\"https:\/\/programavagalume.org\/gl\"},{\"@type\":\"ListItem\",\"position\":2,\"name\":\"Intervenci\\u00f3n socieducativa coa infancia, adolescencia e as s\\u00faas familias.\"}]},{\"@type\":\"Person\",\"@id\":\"https:\/\/programavagalume.org\/#\/schema\/person\/1786314d058710c2398f08eb6986ea66\",\"name\":\"Programa Vagalume\",\"url\":\"https:\/\/programavagalume.org\/gl\/author\/vagalume-vaga\"}]}<\/script>\n<!-- \/ Yoast SEO plugin. -->","yoast_head_json":{"title":"Intervenci\u00f3n socieducativa coa infancia, adolescencia e as s\u00faas familias. - Vagalume","robots":{"index":"index","follow":"follow","max-snippet":"max-snippet:-1","max-image-preview":"max-image-preview:large","max-video-preview":"max-video-preview:-1"},"canonical":"https:\/\/programavagalume.org\/gl\/intervencion-socieducativa-coa-infancia-adolescencia-e-as-suas-familias.html","og_locale":"es_ES","og_type":"article","og_title":"Intervenci\u00f3n socieducativa coa infancia, adolescencia e as s\u00faas familias. - Vagalume","og_url":"https:\/\/programavagalume.org\/gl\/intervencion-socieducativa-coa-infancia-adolescencia-e-as-suas-familias.html","og_site_name":"Vagalume","article_published_time":"2020-05-05T11:29:02+00:00","og_image":[{"width":960,"height":640,"url":"https:\/\/programavagalume.org\/ficheros\/uploads\/2017\/03\/programavagalume_familia-manos.jpg","type":"image\/jpeg"}],"twitter_card":"summary","twitter_misc":{"Written by":"Programa Vagalume","Est. reading time":"3 minutes"},"schema":{"@context":"https:\/\/schema.org","@graph":[{"@type":"WebSite","@id":"https:\/\/programavagalume.org\/#website","url":"https:\/\/programavagalume.org\/","name":"Vagalume","description":"","potentialAction":[{"@type":"SearchAction","target":{"@type":"EntryPoint","urlTemplate":"https:\/\/programavagalume.org\/?s={search_term_string}"},"query-input":"required name=search_term_string"}],"inLanguage":"es-GL"},{"@type":"ImageObject","@id":"https:\/\/programavagalume.org\/gl\/intervencion-socieducativa-coa-infancia-adolescencia-e-as-suas-familias.html#primaryimage","inLanguage":"es-GL","url":"https:\/\/programavagalume.org\/ficheros\/uploads\/2017\/03\/programavagalume_familia-manos.jpg","contentUrl":"https:\/\/programavagalume.org\/ficheros\/uploads\/2017\/03\/programavagalume_familia-manos.jpg","width":960,"height":640},{"@type":"WebPage","@id":"https:\/\/programavagalume.org\/gl\/intervencion-socieducativa-coa-infancia-adolescencia-e-as-suas-familias.html#webpage","url":"https:\/\/programavagalume.org\/gl\/intervencion-socieducativa-coa-infancia-adolescencia-e-as-suas-familias.html","name":"Intervenci\u00f3n socieducativa coa infancia, adolescencia e as s\u00faas familias. - Vagalume","isPartOf":{"@id":"https:\/\/programavagalume.org\/#website"},"primaryImageOfPage":{"@id":"https:\/\/programavagalume.org\/gl\/intervencion-socieducativa-coa-infancia-adolescencia-e-as-suas-familias.html#primaryimage"},"datePublished":"2020-05-05T11:29:02+00:00","dateModified":"2020-05-05T11:29:02+00:00","author":{"@id":"https:\/\/programavagalume.org\/#\/schema\/person\/1786314d058710c2398f08eb6986ea66"},"breadcrumb":{"@id":"https:\/\/programavagalume.org\/gl\/intervencion-socieducativa-coa-infancia-adolescencia-e-as-suas-familias.html#breadcrumb"},"inLanguage":"es-GL","potentialAction":[{"@type":"ReadAction","target":["https:\/\/programavagalume.org\/gl\/intervencion-socieducativa-coa-infancia-adolescencia-e-as-suas-familias.html"]}]},{"@type":"BreadcrumbList","@id":"https:\/\/programavagalume.org\/gl\/intervencion-socieducativa-coa-infancia-adolescencia-e-as-suas-familias.html#breadcrumb","itemListElement":[{"@type":"ListItem","position":1,"name":"Portada","item":"https:\/\/programavagalume.org\/gl"},{"@type":"ListItem","position":2,"name":"Intervenci\u00f3n socieducativa coa infancia, adolescencia e as s\u00faas familias."}]},{"@type":"Person","@id":"https:\/\/programavagalume.org\/#\/schema\/person\/1786314d058710c2398f08eb6986ea66","name":"Programa Vagalume","url":"https:\/\/programavagalume.org\/gl\/author\/vagalume-vaga"}]}},"_links":{"self":[{"href":"https:\/\/programavagalume.org\/gl\/wp-json\/wp\/v2\/posts\/2070"}],"collection":[{"href":"https:\/\/programavagalume.org\/gl\/wp-json\/wp\/v2\/posts"}],"about":[{"href":"https:\/\/programavagalume.org\/gl\/wp-json\/wp\/v2\/types\/post"}],"author":[{"embeddable":true,"href":"https:\/\/programavagalume.org\/gl\/wp-json\/wp\/v2\/users\/4"}],"replies":[{"embeddable":true,"href":"https:\/\/programavagalume.org\/gl\/wp-json\/wp\/v2\/comments?post=2070"}],"version-history":[{"count":1,"href":"https:\/\/programavagalume.org\/gl\/wp-json\/wp\/v2\/posts\/2070\/revisions"}],"predecessor-version":[{"id":2071,"href":"https:\/\/programavagalume.org\/gl\/wp-json\/wp\/v2\/posts\/2070\/revisions\/2071"}],"wp:featuredmedia":[{"embeddable":true,"href":"https:\/\/programavagalume.org\/gl\/wp-json\/wp\/v2\/media\/1305"}],"wp:attachment":[{"href":"https:\/\/programavagalume.org\/gl\/wp-json\/wp\/v2\/media?parent=2070"}],"wp:term":[{"taxonomy":"category","embeddable":true,"href":"https:\/\/programavagalume.org\/gl\/wp-json\/wp\/v2\/categories?post=2070"},{"taxonomy":"post_tag","embeddable":true,"href":"https:\/\/programavagalume.org\/gl\/wp-json\/wp\/v2\/tags?post=2070"}],"curies":[{"name":"wp","href":"https:\/\/api.w.org\/{rel}","templated":true}]}}