{"id":2041,"date":"2020-04-14T15:02:29","date_gmt":"2020-04-14T13:02:29","guid":{"rendered":"http:\/\/programavagalume.org\/gl\/?p=2041"},"modified":"2022-01-20T10:13:20","modified_gmt":"2022-01-20T09:13:20","slug":"corazon-vermello-2","status":"publish","type":"post","link":"https:\/\/programavagalume.org\/gl\/corazon-vermello-2.html","title":{"rendered":"CORAZ\u00d3N VERMELLO"},"content":{"rendered":"<div class=\"fusion-fullwidth fullwidth-box fusion-builder-row-1 hundred-percent-fullwidth non-hundred-percent-height-scrolling\" style=\"background-color: rgba(255,255,255,0);background-position: center center;background-repeat: no-repeat;padding-top:0px;padding-right:0px;padding-bottom:0px;padding-left:0px;margin-bottom: 0px;margin-top: 0px;border-width: 0px 0px 0px 0px;border-color:#eae9e9;border-style:solid;\" ><div class=\"fusion-builder-row fusion-row\"><div class=\"fusion-layout-column fusion_builder_column fusion-builder-column-0 fusion_builder_column_1_1 1_1 fusion-one-full fusion-column-first fusion-column-last fusion-column-no-min-height\" style=\"margin-top:0px;margin-bottom:0px;\"><div class=\"fusion-column-wrapper fusion-flex-column-wrapper-legacy\" style=\"background-position:left top;background-repeat:no-repeat;-webkit-background-size:cover;-moz-background-size:cover;-o-background-size:cover;background-size:cover;padding: 0px 0px 0px 0px;\"><div class=\"fusion-text fusion-text-1\"><p><strong>Proxecto<\/strong>: Coraz\u00f3n Vermello<\/p>\n<p><strong>Anos:<\/strong>\u00a02019- 2022<\/p>\n<p><strong>Financia<\/strong>: Conseller\u00eda de Sanidade &#8211; Xunta de Galicia<\/p>\n<p><img class=\"aligncenter wp-image-2045\" src=\"http:\/\/programavagalume.org\/ficheros\/uploads\/2020\/04\/programavagalume_corazon-vermello-2.png\" alt=\"unnamed\" width=\"246\" height=\"75\" srcset=\"https:\/\/programavagalume.org\/ficheros\/uploads\/2020\/04\/programavagalume_corazon-vermello-2-300x92.png 300w, https:\/\/programavagalume.org\/ficheros\/uploads\/2020\/04\/programavagalume_corazon-vermello-2.png 475w\" sizes=\"(max-width: 246px) 100vw, 246px\" \/><\/p>\n<p style=\"text-align: justify;\">O proxecto \u201cCORAZ\u00d3N VERMELLO\u201d, financiado pola Conseller\u00eda de Sanidade da Xunta de Galicia, da continuidade a actuaci\u00f3ns que, dende C\u00e1ritas Diocesana de Santiago de Compostela a trav\u00e9s do Programa Vagalume (Centro da muller e Centro de atenci\u00f3n psicofamiliar) e o Centro de Atenci\u00f3n Social Continuada Vieiro; traballan na loita contra o VIH\/SIDA.<\/p>\n<p style=\"text-align: justify;\">A trav\u00e9s deste proxecto l\u00e9vase, dende fai anos,dando soporte, acompa\u00f1amento, informaci\u00f3n, formaci\u00f3n, sensibilizaci\u00f3n e prevenci\u00f3n a colectivos moi sensibles, usuarios dos nosos centros, ante o VIH\/SIDA. Impulsando a s\u00faa vez actuaci\u00f3ns e actitudes proactivas na visibilizaci\u00f3n e loita contra a discriminaci\u00f3n das persoas afectadas.<\/p>\n<p style=\"text-align: justify;\">A existencia e continuidade do proxecto por un novo per\u00edodo (2019 \u2013 2022), resulta de vital importancia tanto a nivel de prevenci\u00f3n como de sensibilizaci\u00f3n para as persoas usuarias dos nosos proxectos como para a poboaci\u00f3n en xeral.<\/p>\n<p style=\"text-align: justify;\">Como\u00a0<strong>obxectivos xerais<\/strong>\u00a0a acadar cont\u00e9mplanse os seguintes:<\/p>\n<ul style=\"text-align: justify;\">\n<li>Previr novas infecci\u00f3ns, minimizar o impacto negativo persoal e social da epidemia e garantir o acceso ao sistema sanitario das persoas con infecci\u00f3n polo VIH\/sida e outras ITS.<\/li>\n<li>Promover o co\u00f1ecemento real das pr\u00e1cticas de risco de transmisi\u00f3n do VIH e das ITS.<\/li>\n<\/ul>\n<p style=\"text-align: justify;\"><strong>Obxectivos espec\u00edficos:<\/strong><\/p>\n<ul style=\"text-align: justify;\">\n<li>Proporcionar informaci\u00f3n comprensible a trav\u00e9s de obradoiros interactivos e unha linguaxe e ambiente distendido, co fin de acercar e aclarar co\u00f1ecementos sobre o VIH\/sida entre outras enfermidades de transmisi\u00f3n sexual,\u00a0 as diferentes v\u00edas de contaxio as\u00ed como as medidas axeitadas de prevenci\u00f3n.<\/li>\n<li>Reducir conductas de risco mediante a promoci\u00f3n de actitudes, co\u00f1ecementos e h\u00e1bitos b\u00e1sicos de hixiene para o control e convivencia en situaci\u00f3ns de risco.<\/li>\n<li>Facilitar e fomentar o uso do preservativo.<\/li>\n<li>Promover a realizaci\u00f3n de probas r\u00e1pidas de detecci\u00f3n do VIH.<\/li>\n<li>Promover una vida afectiva y sexual positiva, relaci\u00f3ns baseadas no respecto, a igualdade e o bo trato, libres de estereotipos e roles sexistas.<\/li>\n<li>Elevar o uso das TIC para un m\u00e1ximo alcance na difusi\u00f3n, sensibilizaci\u00f3n e formaci\u00f3n tanto do proxecto como das actividades a levar a cabo.<\/li>\n<\/ul>\n<p style=\"text-align: justify;\">As acci\u00f3ns ter\u00e1n impacto dentro da provincia de A Coru\u00f1a (\u00c1rea Sanitaria Grupo 3 Santiago de Compostela e A Barbanza e a provincia de Pontevedra (\u00c1rea sanitaria Grupo 2 Pontevedra e o Saln\u00e9s).<\/p>\n<p style=\"text-align: justify;\">As beneficiarias directas deste proxecto son:<\/p>\n<ul style=\"text-align: justify;\">\n<li>Mulleres e mulleres transx\u00e9nero en contextos de prostituci\u00f3n e\/ou v\u00edtimas de trata con fins de explotaci\u00f3n sexual, migrantes e en situaci\u00f3n administrativa irregular.<\/li>\n<li>Persoas en situaci\u00f3n de gran vulnerabilidade social ( persoas sen fogar, con problemas de sa\u00fade mental, persoas seropositivas, UDVP\u2026).<\/li>\n<li>Mocidade en situaci\u00f3n de gran vulnerabilidade derivadas por una serie de casu\u00edsticas: a s\u00faa condici\u00f3n de migrantes, familias monoparentais, nais en contextos de prostituci\u00f3n, situaci\u00f3n graves de violencia machista, violencia intrafamiliar, situaci\u00f3ns de adici\u00f3ns no entorno pr\u00f3ximo\u2026 provocando nalg\u00fans casos dificultades na adaptaci\u00f3n escolar e social, autoestima baixa, h\u00e1bitos de vida pouco saudables e carencia ou dificultade no acceso a informaci\u00f3n\/educaci\u00f3n afectivo sexual.<\/li>\n<\/ul>\n<p style=\"text-align: justify;\">Dun xeito indirecto beneficiaranse deste proxecto as familias e o entorno pr\u00f3ximo das usuarias e a s\u00faa vez a poboaci\u00f3n en xeral.<\/p>\n<p style=\"text-align: justify;\">Todas as fases do proxecto\u00a0 ter\u00e1n incorporada a perspectiva de x\u00e9nero e o enfoque de dereitos humanos tendo en conta o marco da intersecionalidade que atravesa a poboaci\u00f3n diana.<\/p>\n<\/div><div class=\"fusion-clearfix\"><\/div><\/div><\/div><\/div><style type=\"text\/css\">.fusion-fullwidth.fusion-builder-row-1 { overflow:visible; }<\/style><\/div>\n","protected":false},"excerpt":{"rendered":"","protected":false},"author":4,"featured_media":1350,"comment_status":"closed","ping_status":"closed","sticky":false,"template":"","format":"standard","meta":[],"categories":[8],"tags":[61,84,293,48,381,382,27,42],"yoast_head":"<!-- This site is optimized with the Yoast SEO plugin v17.9 - https:\/\/yoast.com\/wordpress\/plugins\/seo\/ -->\n<title>CORAZ\u00d3N VERMELLO - Vagalume<\/title>\n<meta name=\"robots\" content=\"index, follow, max-snippet:-1, max-image-preview:large, max-video-preview:-1\" \/>\n<link rel=\"canonical\" href=\"https:\/\/programavagalume.org\/gl\/corazon-vermello-2.html\" \/>\n<meta property=\"og:locale\" content=\"es_ES\" \/>\n<meta property=\"og:type\" content=\"article\" \/>\n<meta property=\"og:title\" content=\"CORAZ\u00d3N VERMELLO - Vagalume\" \/>\n<meta property=\"og:url\" content=\"https:\/\/programavagalume.org\/gl\/corazon-vermello-2.html\" \/>\n<meta property=\"og:site_name\" content=\"Vagalume\" \/>\n<meta property=\"article:published_time\" content=\"2020-04-14T13:02:29+00:00\" \/>\n<meta property=\"article:modified_time\" content=\"2022-01-20T09:13:20+00:00\" \/>\n<meta property=\"og:image\" content=\"http:\/\/programavagalume.org\/ficheros\/uploads\/2017\/04\/programavagalume_corazon-vermello.png\" \/>\n\t<meta property=\"og:image:width\" content=\"470\" \/>\n\t<meta property=\"og:image:height\" content=\"200\" \/>\n\t<meta property=\"og:image:type\" content=\"image\/png\" \/>\n<meta name=\"twitter:card\" content=\"summary\" \/>\n<meta name=\"twitter:label1\" content=\"Written by\" \/>\n\t<meta name=\"twitter:data1\" content=\"Programa Vagalume\" \/>\n\t<meta name=\"twitter:label2\" content=\"Est. reading time\" \/>\n\t<meta name=\"twitter:data2\" content=\"3 minutes\" \/>\n<script type=\"application\/ld+json\" class=\"yoast-schema-graph\">{\"@context\":\"https:\/\/schema.org\",\"@graph\":[{\"@type\":\"WebSite\",\"@id\":\"https:\/\/programavagalume.org\/#website\",\"url\":\"https:\/\/programavagalume.org\/\",\"name\":\"Vagalume\",\"description\":\"\",\"potentialAction\":[{\"@type\":\"SearchAction\",\"target\":{\"@type\":\"EntryPoint\",\"urlTemplate\":\"https:\/\/programavagalume.org\/?s={search_term_string}\"},\"query-input\":\"required name=search_term_string\"}],\"inLanguage\":\"es-GL\"},{\"@type\":\"ImageObject\",\"@id\":\"https:\/\/programavagalume.org\/gl\/corazon-vermello-2.html#primaryimage\",\"inLanguage\":\"es-GL\",\"url\":\"https:\/\/programavagalume.org\/ficheros\/uploads\/2017\/04\/programavagalume_corazon-vermello.png\",\"contentUrl\":\"https:\/\/programavagalume.org\/ficheros\/uploads\/2017\/04\/programavagalume_corazon-vermello.png\",\"width\":470,\"height\":200},{\"@type\":\"WebPage\",\"@id\":\"https:\/\/programavagalume.org\/gl\/corazon-vermello-2.html#webpage\",\"url\":\"https:\/\/programavagalume.org\/gl\/corazon-vermello-2.html\",\"name\":\"CORAZ\\u00d3N VERMELLO - Vagalume\",\"isPartOf\":{\"@id\":\"https:\/\/programavagalume.org\/#website\"},\"primaryImageOfPage\":{\"@id\":\"https:\/\/programavagalume.org\/gl\/corazon-vermello-2.html#primaryimage\"},\"datePublished\":\"2020-04-14T13:02:29+00:00\",\"dateModified\":\"2022-01-20T09:13:20+00:00\",\"author\":{\"@id\":\"https:\/\/programavagalume.org\/#\/schema\/person\/1786314d058710c2398f08eb6986ea66\"},\"breadcrumb\":{\"@id\":\"https:\/\/programavagalume.org\/gl\/corazon-vermello-2.html#breadcrumb\"},\"inLanguage\":\"es-GL\",\"potentialAction\":[{\"@type\":\"ReadAction\",\"target\":[\"https:\/\/programavagalume.org\/gl\/corazon-vermello-2.html\"]}]},{\"@type\":\"BreadcrumbList\",\"@id\":\"https:\/\/programavagalume.org\/gl\/corazon-vermello-2.html#breadcrumb\",\"itemListElement\":[{\"@type\":\"ListItem\",\"position\":1,\"name\":\"Portada\",\"item\":\"https:\/\/programavagalume.org\/gl\"},{\"@type\":\"ListItem\",\"position\":2,\"name\":\"CORAZ\\u00d3N VERMELLO\"}]},{\"@type\":\"Person\",\"@id\":\"https:\/\/programavagalume.org\/#\/schema\/person\/1786314d058710c2398f08eb6986ea66\",\"name\":\"Programa Vagalume\",\"url\":\"https:\/\/programavagalume.org\/gl\/author\/vagalume-vaga\"}]}<\/script>\n<!-- \/ Yoast SEO plugin. -->","yoast_head_json":{"title":"CORAZ\u00d3N VERMELLO - Vagalume","robots":{"index":"index","follow":"follow","max-snippet":"max-snippet:-1","max-image-preview":"max-image-preview:large","max-video-preview":"max-video-preview:-1"},"canonical":"https:\/\/programavagalume.org\/gl\/corazon-vermello-2.html","og_locale":"es_ES","og_type":"article","og_title":"CORAZ\u00d3N VERMELLO - Vagalume","og_url":"https:\/\/programavagalume.org\/gl\/corazon-vermello-2.html","og_site_name":"Vagalume","article_published_time":"2020-04-14T13:02:29+00:00","article_modified_time":"2022-01-20T09:13:20+00:00","og_image":[{"width":470,"height":200,"url":"http:\/\/programavagalume.org\/ficheros\/uploads\/2017\/04\/programavagalume_corazon-vermello.png","type":"image\/png"}],"twitter_card":"summary","twitter_misc":{"Written by":"Programa Vagalume","Est. reading time":"3 minutes"},"schema":{"@context":"https:\/\/schema.org","@graph":[{"@type":"WebSite","@id":"https:\/\/programavagalume.org\/#website","url":"https:\/\/programavagalume.org\/","name":"Vagalume","description":"","potentialAction":[{"@type":"SearchAction","target":{"@type":"EntryPoint","urlTemplate":"https:\/\/programavagalume.org\/?s={search_term_string}"},"query-input":"required name=search_term_string"}],"inLanguage":"es-GL"},{"@type":"ImageObject","@id":"https:\/\/programavagalume.org\/gl\/corazon-vermello-2.html#primaryimage","inLanguage":"es-GL","url":"https:\/\/programavagalume.org\/ficheros\/uploads\/2017\/04\/programavagalume_corazon-vermello.png","contentUrl":"https:\/\/programavagalume.org\/ficheros\/uploads\/2017\/04\/programavagalume_corazon-vermello.png","width":470,"height":200},{"@type":"WebPage","@id":"https:\/\/programavagalume.org\/gl\/corazon-vermello-2.html#webpage","url":"https:\/\/programavagalume.org\/gl\/corazon-vermello-2.html","name":"CORAZ\u00d3N VERMELLO - Vagalume","isPartOf":{"@id":"https:\/\/programavagalume.org\/#website"},"primaryImageOfPage":{"@id":"https:\/\/programavagalume.org\/gl\/corazon-vermello-2.html#primaryimage"},"datePublished":"2020-04-14T13:02:29+00:00","dateModified":"2022-01-20T09:13:20+00:00","author":{"@id":"https:\/\/programavagalume.org\/#\/schema\/person\/1786314d058710c2398f08eb6986ea66"},"breadcrumb":{"@id":"https:\/\/programavagalume.org\/gl\/corazon-vermello-2.html#breadcrumb"},"inLanguage":"es-GL","potentialAction":[{"@type":"ReadAction","target":["https:\/\/programavagalume.org\/gl\/corazon-vermello-2.html"]}]},{"@type":"BreadcrumbList","@id":"https:\/\/programavagalume.org\/gl\/corazon-vermello-2.html#breadcrumb","itemListElement":[{"@type":"ListItem","position":1,"name":"Portada","item":"https:\/\/programavagalume.org\/gl"},{"@type":"ListItem","position":2,"name":"CORAZ\u00d3N VERMELLO"}]},{"@type":"Person","@id":"https:\/\/programavagalume.org\/#\/schema\/person\/1786314d058710c2398f08eb6986ea66","name":"Programa Vagalume","url":"https:\/\/programavagalume.org\/gl\/author\/vagalume-vaga"}]}},"_links":{"self":[{"href":"https:\/\/programavagalume.org\/gl\/wp-json\/wp\/v2\/posts\/2041"}],"collection":[{"href":"https:\/\/programavagalume.org\/gl\/wp-json\/wp\/v2\/posts"}],"about":[{"href":"https:\/\/programavagalume.org\/gl\/wp-json\/wp\/v2\/types\/post"}],"author":[{"embeddable":true,"href":"https:\/\/programavagalume.org\/gl\/wp-json\/wp\/v2\/users\/4"}],"replies":[{"embeddable":true,"href":"https:\/\/programavagalume.org\/gl\/wp-json\/wp\/v2\/comments?post=2041"}],"version-history":[{"count":3,"href":"https:\/\/programavagalume.org\/gl\/wp-json\/wp\/v2\/posts\/2041\/revisions"}],"predecessor-version":[{"id":2425,"href":"https:\/\/programavagalume.org\/gl\/wp-json\/wp\/v2\/posts\/2041\/revisions\/2425"}],"wp:featuredmedia":[{"embeddable":true,"href":"https:\/\/programavagalume.org\/gl\/wp-json\/wp\/v2\/media\/1350"}],"wp:attachment":[{"href":"https:\/\/programavagalume.org\/gl\/wp-json\/wp\/v2\/media?parent=2041"}],"wp:term":[{"taxonomy":"category","embeddable":true,"href":"https:\/\/programavagalume.org\/gl\/wp-json\/wp\/v2\/categories?post=2041"},{"taxonomy":"post_tag","embeddable":true,"href":"https:\/\/programavagalume.org\/gl\/wp-json\/wp\/v2\/tags?post=2041"}],"curies":[{"name":"wp","href":"https:\/\/api.w.org\/{rel}","templated":true}]}}