{"id":1931,"date":"2019-10-11T10:38:19","date_gmt":"2019-10-11T08:38:19","guid":{"rendered":"http:\/\/programavagalume.org\/gl\/?p=1931"},"modified":"2022-01-20T10:13:25","modified_gmt":"2022-01-20T09:13:25","slug":"viii-xornadas-da-rede-galega-trata-sexual-os-danos-da-explotacion-sexual","status":"publish","type":"post","link":"https:\/\/programavagalume.org\/gl\/viii-xornadas-da-rede-galega-trata-sexual-os-danos-da-explotacion-sexual.html","title":{"rendered":"VIII XORNADAS DA REDE GALEGA CONTRA A TRATA SEXUAL: &#8220;OS DANOS DA EXPLOTACI\u00d3N SEXUAL&#8221;"},"content":{"rendered":"<div class=\"fusion-fullwidth fullwidth-box fusion-builder-row-1 hundred-percent-fullwidth non-hundred-percent-height-scrolling\" style=\"background-color: rgba(255,255,255,0);background-position: center center;background-repeat: no-repeat;padding-top:0px;padding-right:0px;padding-bottom:0px;padding-left:0px;margin-bottom: 0px;margin-top: 0px;border-width: 0px 0px 0px 0px;border-color:#eae9e9;border-style:solid;\" ><div class=\"fusion-builder-row fusion-row\"><div class=\"fusion-layout-column fusion_builder_column fusion-builder-column-0 fusion_builder_column_1_1 1_1 fusion-one-full fusion-column-first fusion-column-last fusion-column-no-min-height\" style=\"margin-top:0px;margin-bottom:0px;\"><div class=\"fusion-column-wrapper fusion-flex-column-wrapper-legacy\" style=\"background-position:left top;background-repeat:no-repeat;-webkit-background-size:cover;-moz-background-size:cover;-o-background-size:cover;background-size:cover;padding: 0px 0px 0px 0px;\"><div class=\"fusion-text fusion-text-1\"><p class=\"aligncenter\" style=\"text-align: justify;\"><strong>As VIII Xornadas\u00a0Galegas contra a Trata con fins de explotaci\u00f3n sexual ter\u00e1 lugar no\u00a0Sal\u00f3n de Actos (Campus de Esteiro) en Ferrol en\u00a0\u00a0horario de ma\u00f1\u00e1 e tarde.<\/strong><\/p>\n<p class=\"aligncenter\" style=\"text-align: justify;\">Estas xornada pretenden ser un foro para afondar\u00a0 e reflexionar sobre os\u00a0 danos da explotaci\u00f3n sexual, as\u00ed coma un espazo para abrir novas perspectivas de abordaxe dos mesmos dende a transver\u00adsalidade da perspectiva de x\u00e9nero e un enfoque baseado nos Dereitos Humanos. O \u00fanico xeito de avanzar cara a erradicaci\u00f3n deste delito \u00e9 romper o silenzo contra a explotaci\u00f3n sexual e a TSH, visibilizar esta cruel realidade e as s\u00faas consecuencias e actuar con determi\u00adnaci\u00f3n para combatila.<\/p>\n<p class=\"aligncenter\" style=\"text-align: justify;\">Nas xornadas participar\u00e1n profesionais especializados neste \u00e1mbito, velaqu\u00ed o programa:<\/p>\n<ul>\n<li style=\"text-align: left;\">9:30\u00a0 Recepci\u00f3n de participantes e entrega de material.<\/li>\n<li style=\"text-align: left;\">10:00 Presentaci\u00f3n da xornada. Susana L\u00f3pez Abella. Secretaria Xeral da Igualdade. Angel Mato Escalona. Alcalde de Ferrol. Julio E. Abalde Alonso.\u00a0 Reitor da UDC. Rede galega contra a trata sexual.<\/li>\n<li style=\"text-align: left;\">10:30 Ponencia: Irene Ram\u00edrez, da Comisi\u00f3n para a investigaci\u00f3n de malos tratos a mulleres.<\/li>\n<li style=\"text-align: left;\">11:30 Pausa\/caf\u00e9<\/li>\n<li style=\"text-align: left;\">12:00 Ponencia: \u201cA prostituci\u00f3n e as s\u00faas consecuencias na sa\u00fade integral das mulleres\u201d M\u00aa Soledad Muruaga L\u00f3pez de Guere\u00f1u. Mestra, psic\u00f3loga e sex\u00f3loga.<\/li>\n<li style=\"text-align: left;\">13:30 Pausa\/ Comida<\/li>\n<li style=\"text-align: left;\">16:00 Ponencia: \u201cO impacto psicol\u00f3xico nas v\u00edtimas de trata\u201d Laura Redondo Guti\u00e9rrez. Psic\u00f3loga xur\u00eddica e forense. Investigadora. Tania Corr\u00e1s V\u00e1zquez. Psic\u00f3loga xur\u00eddica e forense. Investigadora.<\/li>\n<li style=\"text-align: left;\">17:30 Ponencia: \u201cCasa de Acollida \u201cPandora\u201d. Recurso de acollemento para mulleres en situaci\u00f3n de prostituci\u00f3n e v\u00edtimas de trata con fins de explotaci\u00f3n sexual, soas ou con menores a cargo. Rede municipal de atenci\u00f3n a mulleres do Concello de Madrid\u201d. Charo S\u00e1nchez Quiroz. Psic\u00f3loga infantil do aloxamento \u201cCasa Pandora\u201d. Clara Fova Garc\u00eda. Coordinadora do aloxamento \u201cCasa Pandora\u201d<\/li>\n<li style=\"text-align: left;\">19:00 Clausura Carlos Villar Ar\u00e9valo. Rede Galega de Loita contra a Trata Sexual.<\/li>\n<li style=\"text-align: left;\">21:00 Acto externo: Teatro Jofre Representaci\u00f3n \u201c INVISIBLES\u201d. Compa\u00f1\u00eda Redrum Teatro.<\/li>\n<\/ul>\n<p style=\"text-align: justify;\"><em>A\u00a0<strong>REDE GALEGA CONTRA A TRATA SEXUAL<\/strong>\u00a0est\u00e1 formada por 11 entidades sociais da comunidade aut\u00f3noma galega dende o ano 2008 co fin de ser un instrumento de coordinaci\u00f3n entre as organizaci\u00f3n integrantes da rede, sensibilizar aos axentes sociais implicados nesta vulneraci\u00f3n dos Dereitos Humanos e problem\u00e1tica social,\u00a0 as\u00ed como unha plataforma asamblearia de denuncia e incidencia pol\u00edtica na loita contra a trata de persoas.<\/em><\/p>\n<p style=\"text-align: justify;\"><em>As entidade sociais que forman parte da Rede Galega contra a Trata Sexual son: Fundaci\u00f3n Amaranta (Ourense), Faraxa (Vigo), Aliad (Lugo), M\u00e9dicos do Mundo Galicia, Ecos do Sur Galicia, C\u00e1ritas Diocesana Lugo, C\u00e1ritas Diocesana Ourense, ACCEM Galicia, O Mencer Oblatas (Ferrol),\u00a0 Programa Vagalume Oblatas-C\u00e1ritas Diocesana Santiago, e a investigadorasocial Silvia P\u00e9rez Freire.<\/em><\/p>\n<\/div><div class=\"fusion-button-wrapper\"><style>.fusion-button.button-1{border-radius:2px 2px 2px 2px;}<\/style><a class=\"fusion-button button-flat fusion-button-default-size button-default button-1 fusion-button-default-span fusion-button-default-type\" target=\"_blank\" rel=\"noopener noreferrer\" href=\"https:\/\/docs.google.com\/forms\/d\/e\/1FAIpQLSdkMgcgIrIT2pfDtdYdlhbk21N_h0x9tQA_y_T6Ddh-6k2nWw\/viewform?vc=0&amp;c=0&amp;w=1\"><span class=\"fusion-button-text\">INSCR\u00cdBETE AQU\u00cd!<\/span><\/a><\/div><div class=\"fusion-clearfix\"><\/div><\/div><\/div><\/div><style type=\"text\/css\">.fusion-fullwidth.fusion-builder-row-1 { overflow:visible; }<\/style><\/div>\n","protected":false},"excerpt":{"rendered":"","protected":false},"author":4,"featured_media":1932,"comment_status":"closed","ping_status":"open","sticky":false,"template":"","format":"standard","meta":[],"categories":[9],"tags":[308,224,45,127,48,223,27,193,23,148],"yoast_head":"<!-- This site is optimized with the Yoast SEO plugin v17.9 - https:\/\/yoast.com\/wordpress\/plugins\/seo\/ -->\n<title>VIII XORNADAS DA REDE GALEGA CONTRA A TRATA SEXUAL: &quot;OS DANOS DA EXPLOTACI\u00d3N SEXUAL&quot; - Vagalume<\/title>\n<meta name=\"robots\" content=\"index, follow, max-snippet:-1, max-image-preview:large, max-video-preview:-1\" \/>\n<link rel=\"canonical\" href=\"https:\/\/programavagalume.org\/gl\/viii-xornadas-da-rede-galega-trata-sexual-os-danos-da-explotacion-sexual.html\" \/>\n<meta property=\"og:locale\" content=\"es_ES\" \/>\n<meta property=\"og:type\" content=\"article\" \/>\n<meta property=\"og:title\" content=\"VIII XORNADAS DA REDE GALEGA CONTRA A TRATA SEXUAL: &quot;OS DANOS DA EXPLOTACI\u00d3N SEXUAL&quot; - Vagalume\" \/>\n<meta property=\"og:url\" content=\"https:\/\/programavagalume.org\/gl\/viii-xornadas-da-rede-galega-trata-sexual-os-danos-da-explotacion-sexual.html\" \/>\n<meta property=\"og:site_name\" content=\"Vagalume\" \/>\n<meta property=\"article:published_time\" content=\"2019-10-11T08:38:19+00:00\" \/>\n<meta property=\"article:modified_time\" content=\"2022-01-20T09:13:25+00:00\" \/>\n<meta property=\"og:image\" content=\"http:\/\/programavagalume.org\/ficheros\/uploads\/2019\/10\/programavagalume_xornadas-trata-sexual-copia.jpeg\" \/>\n\t<meta property=\"og:image:width\" content=\"934\" \/>\n\t<meta property=\"og:image:height\" content=\"1280\" \/>\n\t<meta property=\"og:image:type\" content=\"image\/jpeg\" \/>\n<meta name=\"twitter:card\" content=\"summary\" \/>\n<meta name=\"twitter:label1\" content=\"Written by\" \/>\n\t<meta name=\"twitter:data1\" content=\"Programa Vagalume\" \/>\n\t<meta name=\"twitter:label2\" content=\"Est. reading time\" \/>\n\t<meta name=\"twitter:data2\" content=\"3 minutes\" \/>\n<script type=\"application\/ld+json\" class=\"yoast-schema-graph\">{\"@context\":\"https:\/\/schema.org\",\"@graph\":[{\"@type\":\"WebSite\",\"@id\":\"https:\/\/programavagalume.org\/#website\",\"url\":\"https:\/\/programavagalume.org\/\",\"name\":\"Vagalume\",\"description\":\"\",\"potentialAction\":[{\"@type\":\"SearchAction\",\"target\":{\"@type\":\"EntryPoint\",\"urlTemplate\":\"https:\/\/programavagalume.org\/?s={search_term_string}\"},\"query-input\":\"required name=search_term_string\"}],\"inLanguage\":\"es-GL\"},{\"@type\":\"ImageObject\",\"@id\":\"https:\/\/programavagalume.org\/gl\/viii-xornadas-da-rede-galega-trata-sexual-os-danos-da-explotacion-sexual.html#primaryimage\",\"inLanguage\":\"es-GL\",\"url\":\"https:\/\/programavagalume.org\/ficheros\/uploads\/2019\/10\/programavagalume_xornadas-trata-sexual-copia.jpeg\",\"contentUrl\":\"https:\/\/programavagalume.org\/ficheros\/uploads\/2019\/10\/programavagalume_xornadas-trata-sexual-copia.jpeg\",\"width\":934,\"height\":1280},{\"@type\":\"WebPage\",\"@id\":\"https:\/\/programavagalume.org\/gl\/viii-xornadas-da-rede-galega-trata-sexual-os-danos-da-explotacion-sexual.html#webpage\",\"url\":\"https:\/\/programavagalume.org\/gl\/viii-xornadas-da-rede-galega-trata-sexual-os-danos-da-explotacion-sexual.html\",\"name\":\"VIII XORNADAS DA REDE GALEGA CONTRA A TRATA SEXUAL: \\\"OS DANOS DA EXPLOTACI\\u00d3N SEXUAL\\\" - Vagalume\",\"isPartOf\":{\"@id\":\"https:\/\/programavagalume.org\/#website\"},\"primaryImageOfPage\":{\"@id\":\"https:\/\/programavagalume.org\/gl\/viii-xornadas-da-rede-galega-trata-sexual-os-danos-da-explotacion-sexual.html#primaryimage\"},\"datePublished\":\"2019-10-11T08:38:19+00:00\",\"dateModified\":\"2022-01-20T09:13:25+00:00\",\"author\":{\"@id\":\"https:\/\/programavagalume.org\/#\/schema\/person\/1786314d058710c2398f08eb6986ea66\"},\"breadcrumb\":{\"@id\":\"https:\/\/programavagalume.org\/gl\/viii-xornadas-da-rede-galega-trata-sexual-os-danos-da-explotacion-sexual.html#breadcrumb\"},\"inLanguage\":\"es-GL\",\"potentialAction\":[{\"@type\":\"ReadAction\",\"target\":[\"https:\/\/programavagalume.org\/gl\/viii-xornadas-da-rede-galega-trata-sexual-os-danos-da-explotacion-sexual.html\"]}]},{\"@type\":\"BreadcrumbList\",\"@id\":\"https:\/\/programavagalume.org\/gl\/viii-xornadas-da-rede-galega-trata-sexual-os-danos-da-explotacion-sexual.html#breadcrumb\",\"itemListElement\":[{\"@type\":\"ListItem\",\"position\":1,\"name\":\"Portada\",\"item\":\"https:\/\/programavagalume.org\/gl\"},{\"@type\":\"ListItem\",\"position\":2,\"name\":\"VIII XORNADAS DA REDE GALEGA CONTRA A TRATA SEXUAL: \\u00abOS DANOS DA EXPLOTACI\\u00d3N SEXUAL\\u00bb\"}]},{\"@type\":\"Person\",\"@id\":\"https:\/\/programavagalume.org\/#\/schema\/person\/1786314d058710c2398f08eb6986ea66\",\"name\":\"Programa Vagalume\",\"url\":\"https:\/\/programavagalume.org\/gl\/author\/vagalume-vaga\"}]}<\/script>\n<!-- \/ Yoast SEO plugin. -->","yoast_head_json":{"title":"VIII XORNADAS DA REDE GALEGA CONTRA A TRATA SEXUAL: \"OS DANOS DA EXPLOTACI\u00d3N SEXUAL\" - Vagalume","robots":{"index":"index","follow":"follow","max-snippet":"max-snippet:-1","max-image-preview":"max-image-preview:large","max-video-preview":"max-video-preview:-1"},"canonical":"https:\/\/programavagalume.org\/gl\/viii-xornadas-da-rede-galega-trata-sexual-os-danos-da-explotacion-sexual.html","og_locale":"es_ES","og_type":"article","og_title":"VIII XORNADAS DA REDE GALEGA CONTRA A TRATA SEXUAL: \"OS DANOS DA EXPLOTACI\u00d3N SEXUAL\" - Vagalume","og_url":"https:\/\/programavagalume.org\/gl\/viii-xornadas-da-rede-galega-trata-sexual-os-danos-da-explotacion-sexual.html","og_site_name":"Vagalume","article_published_time":"2019-10-11T08:38:19+00:00","article_modified_time":"2022-01-20T09:13:25+00:00","og_image":[{"width":934,"height":1280,"url":"http:\/\/programavagalume.org\/ficheros\/uploads\/2019\/10\/programavagalume_xornadas-trata-sexual-copia.jpeg","type":"image\/jpeg"}],"twitter_card":"summary","twitter_misc":{"Written by":"Programa Vagalume","Est. reading time":"3 minutes"},"schema":{"@context":"https:\/\/schema.org","@graph":[{"@type":"WebSite","@id":"https:\/\/programavagalume.org\/#website","url":"https:\/\/programavagalume.org\/","name":"Vagalume","description":"","potentialAction":[{"@type":"SearchAction","target":{"@type":"EntryPoint","urlTemplate":"https:\/\/programavagalume.org\/?s={search_term_string}"},"query-input":"required name=search_term_string"}],"inLanguage":"es-GL"},{"@type":"ImageObject","@id":"https:\/\/programavagalume.org\/gl\/viii-xornadas-da-rede-galega-trata-sexual-os-danos-da-explotacion-sexual.html#primaryimage","inLanguage":"es-GL","url":"https:\/\/programavagalume.org\/ficheros\/uploads\/2019\/10\/programavagalume_xornadas-trata-sexual-copia.jpeg","contentUrl":"https:\/\/programavagalume.org\/ficheros\/uploads\/2019\/10\/programavagalume_xornadas-trata-sexual-copia.jpeg","width":934,"height":1280},{"@type":"WebPage","@id":"https:\/\/programavagalume.org\/gl\/viii-xornadas-da-rede-galega-trata-sexual-os-danos-da-explotacion-sexual.html#webpage","url":"https:\/\/programavagalume.org\/gl\/viii-xornadas-da-rede-galega-trata-sexual-os-danos-da-explotacion-sexual.html","name":"VIII XORNADAS DA REDE GALEGA CONTRA A TRATA SEXUAL: \"OS DANOS DA EXPLOTACI\u00d3N SEXUAL\" - Vagalume","isPartOf":{"@id":"https:\/\/programavagalume.org\/#website"},"primaryImageOfPage":{"@id":"https:\/\/programavagalume.org\/gl\/viii-xornadas-da-rede-galega-trata-sexual-os-danos-da-explotacion-sexual.html#primaryimage"},"datePublished":"2019-10-11T08:38:19+00:00","dateModified":"2022-01-20T09:13:25+00:00","author":{"@id":"https:\/\/programavagalume.org\/#\/schema\/person\/1786314d058710c2398f08eb6986ea66"},"breadcrumb":{"@id":"https:\/\/programavagalume.org\/gl\/viii-xornadas-da-rede-galega-trata-sexual-os-danos-da-explotacion-sexual.html#breadcrumb"},"inLanguage":"es-GL","potentialAction":[{"@type":"ReadAction","target":["https:\/\/programavagalume.org\/gl\/viii-xornadas-da-rede-galega-trata-sexual-os-danos-da-explotacion-sexual.html"]}]},{"@type":"BreadcrumbList","@id":"https:\/\/programavagalume.org\/gl\/viii-xornadas-da-rede-galega-trata-sexual-os-danos-da-explotacion-sexual.html#breadcrumb","itemListElement":[{"@type":"ListItem","position":1,"name":"Portada","item":"https:\/\/programavagalume.org\/gl"},{"@type":"ListItem","position":2,"name":"VIII XORNADAS DA REDE GALEGA CONTRA A TRATA SEXUAL: \u00abOS DANOS DA EXPLOTACI\u00d3N SEXUAL\u00bb"}]},{"@type":"Person","@id":"https:\/\/programavagalume.org\/#\/schema\/person\/1786314d058710c2398f08eb6986ea66","name":"Programa Vagalume","url":"https:\/\/programavagalume.org\/gl\/author\/vagalume-vaga"}]}},"_links":{"self":[{"href":"https:\/\/programavagalume.org\/gl\/wp-json\/wp\/v2\/posts\/1931"}],"collection":[{"href":"https:\/\/programavagalume.org\/gl\/wp-json\/wp\/v2\/posts"}],"about":[{"href":"https:\/\/programavagalume.org\/gl\/wp-json\/wp\/v2\/types\/post"}],"author":[{"embeddable":true,"href":"https:\/\/programavagalume.org\/gl\/wp-json\/wp\/v2\/users\/4"}],"replies":[{"embeddable":true,"href":"https:\/\/programavagalume.org\/gl\/wp-json\/wp\/v2\/comments?post=1931"}],"version-history":[{"count":2,"href":"https:\/\/programavagalume.org\/gl\/wp-json\/wp\/v2\/posts\/1931\/revisions"}],"predecessor-version":[{"id":2439,"href":"https:\/\/programavagalume.org\/gl\/wp-json\/wp\/v2\/posts\/1931\/revisions\/2439"}],"wp:featuredmedia":[{"embeddable":true,"href":"https:\/\/programavagalume.org\/gl\/wp-json\/wp\/v2\/media\/1932"}],"wp:attachment":[{"href":"https:\/\/programavagalume.org\/gl\/wp-json\/wp\/v2\/media?parent=1931"}],"wp:term":[{"taxonomy":"category","embeddable":true,"href":"https:\/\/programavagalume.org\/gl\/wp-json\/wp\/v2\/categories?post=1931"},{"taxonomy":"post_tag","embeddable":true,"href":"https:\/\/programavagalume.org\/gl\/wp-json\/wp\/v2\/tags?post=1931"}],"curies":[{"name":"wp","href":"https:\/\/api.w.org\/{rel}","templated":true}]}}