{"id":1767,"date":"2019-02-25T11:34:02","date_gmt":"2019-02-25T10:34:02","guid":{"rendered":"http:\/\/programavagalume.org\/gl\/?p=1767"},"modified":"2022-01-20T10:13:26","modified_gmt":"2022-01-20T09:13:26","slug":"dispositivo-atencion-e-acollida-mulleres-vitimas-explotacion-sexual-e-trata2018","status":"publish","type":"post","link":"https:\/\/programavagalume.org\/gl\/dispositivo-atencion-e-acollida-mulleres-vitimas-explotacion-sexual-e-trata2018.html","title":{"rendered":"Dispositivo para a atenci\u00f3n e acollida de mulleres v\u00edtimas de explotaci\u00f3n sexual e trata,2018."},"content":{"rendered":"<div class=\"fusion-fullwidth fullwidth-box fusion-builder-row-1 hundred-percent-fullwidth non-hundred-percent-height-scrolling\" style=\"background-color: rgba(255,255,255,0);background-position: center center;background-repeat: no-repeat;padding-top:0px;padding-right:0px;padding-bottom:0px;padding-left:0px;margin-bottom: 0px;margin-top: 0px;border-width: 0px 0px 0px 0px;border-color:#eae9e9;border-style:solid;\" ><div class=\"fusion-builder-row fusion-row\"><div class=\"fusion-layout-column fusion_builder_column fusion-builder-column-0 fusion_builder_column_1_1 1_1 fusion-one-full fusion-column-first fusion-column-last fusion-column-no-min-height\" style=\"margin-top:0px;margin-bottom:0px;\"><div class=\"fusion-column-wrapper fusion-flex-column-wrapper-legacy\" style=\"background-position:left top;background-repeat:no-repeat;-webkit-background-size:cover;-moz-background-size:cover;-o-background-size:cover;background-size:cover;padding: 0px 0px 0px 0px;\"><div class=\"fusion-text fusion-text-1\"><p><strong>Proxecto<\/strong>:\u00a0<strong>Dispositivo para a atenci\u00f3n e acollida de mulleres v\u00edtimas de explotaci\u00f3n sexual e trata.<\/strong><\/p>\n<p><strong>Ano:<\/strong> 2018<br \/>\n<strong>Financia<\/strong>: Secretar\u00eda Xeral de Igualdade<img class=\"aligncenter\" src=\"http:\/\/programavagalume.org\/ficheros\/uploads\/2016\/04\/vagalume_financiadores-y-colaboradores-2.png\" alt=\"\" width=\"390\" height=\"75\" \/><\/p>\n<p style=\"text-align: justify;\">A principal finalidade do Dispositivo \u00e9 proporcionar \u00e1s mulleres que viven en contextos de prostituci\u00f3n e\/ou son v\u00edtimas de trata de persoas con fin de explotaci\u00f3n sexual un <strong>espazo<\/strong> para levar a cabo un <strong>proceso de recuperaci\u00f3n persoal e de autonom\u00eda plena<\/strong> para lograr a s\u00faa <strong>integraci\u00f3n social, cultural e laboral<\/strong>.<\/p>\n<p style=\"text-align: justify;\"><strong>Acoller, protexer, dar seguridade e apoio profesional, proporcionar un fogar as\u00ed como certa independencia econ\u00f3mica<\/strong> \u00e9 fundamental para abordar de xeito <strong>integral<\/strong> o proceso de recuperaci\u00f3n e restablecemento das mulleres que viven esta situaci\u00f3n.<\/p>\n<h2 style=\"text-align: justify;\"><strong>O dispositivo DE EMERXENCIA e acollida<\/strong><\/h2>\n<p style=\"text-align: justify;\">O Dispositivo de emerxencia e acollida \u00e9 un <strong>inmoble <\/strong>de aluguer que se localiza nunha zona discreta da cidade de Santiago de Compostela. \u00c9 <strong>importante salvagardar o seu enderezo as\u00ed como mudalo cada certo tempo<\/strong> xa que est\u00e1 a disposici\u00f3n de mulleres que son ou nalg\u00fan momento foron v\u00edtimas de trata, das mafias ou de calquera outro delito relacionado coa prostituci\u00f3n e tam\u00e9n daquelas que buscan unha vivenda de transici\u00f3n cara unha autonom\u00eda persoal.<\/p>\n<p style=\"text-align: justify;\">O Dispositivo posibilita <strong>unha residencia temporal<\/strong>, onde as mulleres contan co tempo necesario para a s\u00faa <strong>recuperaci\u00f3n emocional e de reflexi\u00f3n<\/strong>. Nese tempo tr\u00e1tase de potenciar os seus recursos persoais para afrontar situaci\u00f3ns futuras, que sexan <strong>mulleres aut\u00f3nomas, independentes e capaces de elaborar un proxecto vital.<\/strong> Falamos dun lugar seguro no que poden residir por un per\u00edodo m\u00e1ximo de tres meses, prorrogable por outro per\u00edodo igual (m\u00e1ximo 6 meses), tendo sempre en conta excepci\u00f3ns valorando a situaci\u00f3n persoal pola que pasa cada muller.<\/p>\n<p style=\"text-align: justify;\">\u00c9 fundamental destacar a importancia das relaci\u00f3ns que se establecen no Dispositivo de acollida e emerxencia xa que, ao lograr un maior grao de <strong>interacci\u00f3n e achegamento<\/strong>, af\u00f3ndase no co\u00f1ecemento da situaci\u00f3n de cada muller e do propio contexto no que se traballa. \u00a0Este feito perm\u00edtenos, ademais de realizar unha intervenci\u00f3n m\u00e1is completa, identificar a posibles v\u00edtimas de trata.<\/p>\n<p style=\"text-align: justify;\">Malia que na maior parte dos casos non hai denuncia, se seguimos a definici\u00f3n do <u>Protocolo de Palermo<\/u> citada anteriormente, un n\u00famero moi elevado de mulleres son, efectivamente, v\u00edtimas de trata.<\/p>\n<p style=\"text-align: justify;\">A <strong>ausencia de denuncias \u00e9 explicada polas propias mulleres facendo referencia ao medo e \u00e1 falta de garant\u00edas sobre a s\u00faa seguridade e a da s\u00faa familia tanto no pa\u00eds de orixe como no de destino<\/strong>. Este \u00e9 o motivo polo que en moitos dos casos te\u00f1amos que empregar recursos e ferramentas legais e sociais diferentes aos que se empregan cando as mulleres te\u00f1en a condici\u00f3n reco\u00f1ecida de \u201cv\u00edtima de trata\u201d.<\/p>\n<h2 style=\"text-align: justify;\"><strong>ACTIVIDADES REALIZADAS<\/strong><\/h2>\n<table width=\"0\">\n<tbody>\n<tr>\n<td colspan=\"2\" width=\"674\"><strong>ACTIVIDADES LEVADAS A CABO NO DISPOSITIVO<\/strong><\/td>\n<\/tr>\n<tr>\n<td width=\"149\"><strong>\u00c1REA<\/strong><\/td>\n<td width=\"524\"><strong>ACTIVIDADES<\/strong><\/td>\n<\/tr>\n<tr>\n<td width=\"149\"><strong>PERSOAL E SOCIAL<\/strong><\/td>\n<td width=\"524\"><strong>\u00a0<\/strong><\/p>\n<p>\u00b7\u00a0\u00a0\u00a0\u00a0\u00a0\u00a0\u00a0\u00a0 <strong>Acollida<\/strong><\/p>\n<p>\u00b7\u00a0\u00a0\u00a0\u00a0\u00a0\u00a0\u00a0\u00a0 <strong>Empadroamento<\/strong><\/p>\n<p>\u00b7\u00a0\u00a0\u00a0\u00a0\u00a0\u00a0\u00a0\u00a0 <strong>Informaci\u00f3n e orientaci\u00f3n para a\u00a0 asistencia m\u00e9dica \u2013 Tarxeta sanitaria<\/strong><\/p>\n<p>\u00b7\u00a0\u00a0\u00a0\u00a0\u00a0\u00a0\u00a0\u00a0 <strong>Realizaci\u00f3n e seguimento dun proxecto persoal individualizado<\/strong><\/p>\n<p>\u00b7\u00a0\u00a0\u00a0\u00a0\u00a0\u00a0\u00a0\u00a0 <strong>Desenvolvemento de habilidades para a convivencia<\/strong><\/p>\n<p>\u00b7\u00a0\u00a0\u00a0\u00a0\u00a0\u00a0\u00a0\u00a0 <strong>Organizaci\u00f3n da vida diaria<\/strong><\/p>\n<p>\u00b7\u00a0\u00a0\u00a0\u00a0\u00a0\u00a0\u00a0\u00a0 <strong>Co\u00f1ecementos de cultura xeral\/contorna<\/strong><\/p>\n<p>\u00b7\u00a0\u00a0\u00a0\u00a0\u00a0\u00a0\u00a0\u00a0 <strong>Aproveitamento do lecer e o tempo libre<\/strong><\/p>\n<p>\u00b7\u00a0\u00a0\u00a0\u00a0\u00a0\u00a0\u00a0\u00a0 <strong>Acompa\u00f1amentos tr\u00e1mites e xesti\u00f3ns<\/strong><\/p>\n<p>\u00b7\u00a0\u00a0\u00a0\u00a0\u00a0\u00a0\u00a0\u00a0 <strong>Derivaci\u00f3n\/coordinaci\u00f3n a\/con outros recursos e\/ou entidade<\/strong><\/td>\n<\/tr>\n<tr>\n<td width=\"149\"><strong>\u00a0<\/strong><\/p>\n<p><strong>SA\u00daDE INTEGRAL<\/strong><\/p>\n<p><strong>\u00a0<\/strong><\/td>\n<td width=\"524\"><strong>\u00a0<\/strong><\/p>\n<p>\u00b7\u00a0\u00a0\u00a0\u00a0\u00a0\u00a0\u00a0\u00a0 <strong>Educaci\u00f3n para a sa\u00fade e a alimentaci\u00f3n<\/strong><\/p>\n<p>\u00b7\u00a0\u00a0\u00a0\u00a0\u00a0\u00a0\u00a0\u00a0 <strong>Atenci\u00f3n psicol\u00f3xica<\/strong><\/p>\n<p>\u00b7\u00a0\u00a0\u00a0\u00a0\u00a0\u00a0\u00a0\u00a0 <strong>Mediaci\u00f3n e acompa\u00f1amento para o acceso a tratamento m\u00e9dico e\/ou psicol\u00f3xico<\/strong><\/p>\n<p>\u00b7\u00a0\u00a0\u00a0\u00a0\u00a0\u00a0\u00a0\u00a0 <strong>Seguimento e coordinaci\u00f3n con outros servizos<\/strong><\/td>\n<\/tr>\n<tr>\n<td width=\"149\"><strong>FORMATIVA<\/strong><\/p>\n<p><strong>&#8211;<\/strong><\/p>\n<p><strong>LABORAL<\/strong><\/td>\n<td width=\"524\"><strong>\u00a0<\/strong><\/p>\n<p>\u00b7\u00a0\u00a0\u00a0\u00a0\u00a0\u00a0\u00a0\u00a0 <strong>Obradoiros prelaborais e ocupacionais no Centro da Muller- Vagalume<\/strong><\/p>\n<p>\u00b7\u00a0\u00a0\u00a0\u00a0\u00a0\u00a0\u00a0\u00a0 <strong>Acceso a cursos formativos independentemente da s\u00faa situaci\u00f3n administrativa<\/strong><\/p>\n<p>\u00b7\u00a0\u00a0\u00a0\u00a0\u00a0\u00a0\u00a0\u00a0 <strong>Mediaci\u00f3n e acompa\u00f1amento para o acceso a recursos formativos e de emprego<\/strong><\/p>\n<p>\u00b7\u00a0\u00a0\u00a0\u00a0\u00a0\u00a0\u00a0\u00a0 <strong>Orientaci\u00f3n e asesoramento laboral<\/strong><\/p>\n<p><strong>\u00a0<\/strong><\/td>\n<\/tr>\n<tr>\n<td width=\"149\"><strong>XUR\u00cdDICA<\/strong><\/td>\n<td width=\"524\"><strong>\u00a0<\/strong><\/p>\n<p>\u00b7\u00a0\u00a0\u00a0\u00a0\u00a0\u00a0\u00a0\u00a0 <strong>Informaci\u00f3n xur\u00eddica sobre asuntos penais, civ\u00eds, administrativos preferentemente no \u00e1mbito da estranxeir\u00eda<\/strong><\/p>\n<p>\u00b7\u00a0\u00a0\u00a0\u00a0\u00a0\u00a0\u00a0\u00a0 <strong>Acompa\u00f1amentos xur\u00eddicos e policiais.<\/strong><\/p>\n<p>\u00b7\u00a0\u00a0\u00a0\u00a0\u00a0\u00a0\u00a0\u00a0 <strong>Acompa\u00f1amentos para a realizaci\u00f3n de tr\u00e1mites administrativos<\/strong><\/p>\n<p>\u00b7\u00a0\u00a0\u00a0\u00a0\u00a0\u00a0\u00a0\u00a0 <strong>Identificaci\u00f3n de V\u00edtimas de Trata con fins de explotaci\u00f3n sexual<\/strong><\/p>\n<p>\u00b7\u00a0\u00a0\u00a0\u00a0\u00a0\u00a0\u00a0\u00a0 <strong>Informaci\u00f3n de dereitos e recursos a V\u00edtimas de Trata con fins de explotaci\u00f3n sexual.<\/strong><\/p>\n<p>\u00b7\u00a0\u00a0\u00a0\u00a0\u00a0\u00a0\u00a0\u00a0 <strong>Seguimento dos casos<\/strong><\/p>\n<p>\u00b7\u00a0\u00a0\u00a0\u00a0\u00a0\u00a0\u00a0\u00a0 <strong>Coordinaci\u00f3n cos grupos operativos de estranxeir\u00eda UCRIF, Fiscal\u00eda, Xudicatura, avogada\/o designada\/o pola quenda de oficio<\/strong><\/p>\n<p>\u00b7\u00a0\u00a0\u00a0\u00a0\u00a0\u00a0\u00a0\u00a0 <strong>Formaci\u00f3n \u00e1s mulleres en DD.HH, liberdades fundamentais, promoci\u00f3n da igualdade, etc.<\/strong><\/p>\n<p><strong>\u00a0<\/strong><\/td>\n<\/tr>\n<\/tbody>\n<\/table>\n<p style=\"text-align: justify;\"><strong>O Dispositivo atendeu durante o ano 2018 a un total de 7<\/strong><strong> mulleres<\/strong>.<\/p>\n<p style=\"text-align: justify;\">A <strong>falta de oportunidades nos pa\u00edses de orixe contin\u00faa a ser a principal causa do proxecto migratorio<\/strong>, intimamente ligado \u00e1 prostituci\u00f3n e \u00e1 trata de seres humanos con fins de explotaci\u00f3n sexual.<\/p>\n<\/div><div class=\"fusion-clearfix\"><\/div><\/div><\/div><\/div><style type=\"text\/css\">.fusion-fullwidth.fusion-builder-row-1 { overflow:visible; }<\/style><\/div>\n","protected":false},"excerpt":{"rendered":"","protected":false},"author":4,"featured_media":1768,"comment_status":"closed","ping_status":"open","sticky":false,"template":"","format":"standard","meta":[],"categories":[8],"tags":[26,67,207,48,316,206,27],"yoast_head":"<!-- This site is optimized with the Yoast SEO plugin v17.9 - https:\/\/yoast.com\/wordpress\/plugins\/seo\/ -->\n<title>Dispositivo para a atenci\u00f3n e acollida de mulleres v\u00edtimas de explotaci\u00f3n sexual e trata,2018. - Vagalume<\/title>\n<meta name=\"robots\" content=\"index, follow, max-snippet:-1, max-image-preview:large, max-video-preview:-1\" \/>\n<link rel=\"canonical\" href=\"https:\/\/programavagalume.org\/gl\/dispositivo-atencion-e-acollida-mulleres-vitimas-explotacion-sexual-e-trata2018.html\" \/>\n<meta property=\"og:locale\" content=\"es_ES\" \/>\n<meta property=\"og:type\" content=\"article\" \/>\n<meta property=\"og:title\" content=\"Dispositivo para a atenci\u00f3n e acollida de mulleres v\u00edtimas de explotaci\u00f3n sexual e trata,2018. - Vagalume\" \/>\n<meta property=\"og:url\" content=\"https:\/\/programavagalume.org\/gl\/dispositivo-atencion-e-acollida-mulleres-vitimas-explotacion-sexual-e-trata2018.html\" \/>\n<meta property=\"og:site_name\" content=\"Vagalume\" \/>\n<meta property=\"article:published_time\" content=\"2019-02-25T10:34:02+00:00\" \/>\n<meta property=\"article:modified_time\" content=\"2022-01-20T09:13:26+00:00\" \/>\n<meta property=\"og:image\" content=\"http:\/\/programavagalume.org\/ficheros\/uploads\/2019\/02\/programavagalume_dispositivo18-e1551090797497.jpg\" \/>\n\t<meta property=\"og:image:width\" content=\"1326\" \/>\n\t<meta property=\"og:image:height\" content=\"1052\" \/>\n\t<meta property=\"og:image:type\" content=\"image\/jpeg\" \/>\n<meta name=\"twitter:card\" content=\"summary\" \/>\n<meta name=\"twitter:label1\" content=\"Written by\" \/>\n\t<meta name=\"twitter:data1\" content=\"Programa Vagalume\" \/>\n\t<meta name=\"twitter:label2\" content=\"Est. reading time\" \/>\n\t<meta name=\"twitter:data2\" content=\"4 minutes\" \/>\n<script type=\"application\/ld+json\" class=\"yoast-schema-graph\">{\"@context\":\"https:\/\/schema.org\",\"@graph\":[{\"@type\":\"WebSite\",\"@id\":\"https:\/\/programavagalume.org\/#website\",\"url\":\"https:\/\/programavagalume.org\/\",\"name\":\"Vagalume\",\"description\":\"\",\"potentialAction\":[{\"@type\":\"SearchAction\",\"target\":{\"@type\":\"EntryPoint\",\"urlTemplate\":\"https:\/\/programavagalume.org\/?s={search_term_string}\"},\"query-input\":\"required name=search_term_string\"}],\"inLanguage\":\"es-GL\"},{\"@type\":\"ImageObject\",\"@id\":\"https:\/\/programavagalume.org\/gl\/dispositivo-atencion-e-acollida-mulleres-vitimas-explotacion-sexual-e-trata2018.html#primaryimage\",\"inLanguage\":\"es-GL\",\"url\":\"https:\/\/programavagalume.org\/ficheros\/uploads\/2019\/02\/programavagalume_dispositivo18-e1551090797497.jpg\",\"contentUrl\":\"https:\/\/programavagalume.org\/ficheros\/uploads\/2019\/02\/programavagalume_dispositivo18-e1551090797497.jpg\",\"width\":1326,\"height\":1052},{\"@type\":\"WebPage\",\"@id\":\"https:\/\/programavagalume.org\/gl\/dispositivo-atencion-e-acollida-mulleres-vitimas-explotacion-sexual-e-trata2018.html#webpage\",\"url\":\"https:\/\/programavagalume.org\/gl\/dispositivo-atencion-e-acollida-mulleres-vitimas-explotacion-sexual-e-trata2018.html\",\"name\":\"Dispositivo para a atenci\\u00f3n e acollida de mulleres v\\u00edtimas de explotaci\\u00f3n sexual e trata,2018. - Vagalume\",\"isPartOf\":{\"@id\":\"https:\/\/programavagalume.org\/#website\"},\"primaryImageOfPage\":{\"@id\":\"https:\/\/programavagalume.org\/gl\/dispositivo-atencion-e-acollida-mulleres-vitimas-explotacion-sexual-e-trata2018.html#primaryimage\"},\"datePublished\":\"2019-02-25T10:34:02+00:00\",\"dateModified\":\"2022-01-20T09:13:26+00:00\",\"author\":{\"@id\":\"https:\/\/programavagalume.org\/#\/schema\/person\/1786314d058710c2398f08eb6986ea66\"},\"breadcrumb\":{\"@id\":\"https:\/\/programavagalume.org\/gl\/dispositivo-atencion-e-acollida-mulleres-vitimas-explotacion-sexual-e-trata2018.html#breadcrumb\"},\"inLanguage\":\"es-GL\",\"potentialAction\":[{\"@type\":\"ReadAction\",\"target\":[\"https:\/\/programavagalume.org\/gl\/dispositivo-atencion-e-acollida-mulleres-vitimas-explotacion-sexual-e-trata2018.html\"]}]},{\"@type\":\"BreadcrumbList\",\"@id\":\"https:\/\/programavagalume.org\/gl\/dispositivo-atencion-e-acollida-mulleres-vitimas-explotacion-sexual-e-trata2018.html#breadcrumb\",\"itemListElement\":[{\"@type\":\"ListItem\",\"position\":1,\"name\":\"Portada\",\"item\":\"https:\/\/programavagalume.org\/gl\"},{\"@type\":\"ListItem\",\"position\":2,\"name\":\"Dispositivo para a atenci\\u00f3n e acollida de mulleres v\\u00edtimas de explotaci\\u00f3n sexual e trata,2018.\"}]},{\"@type\":\"Person\",\"@id\":\"https:\/\/programavagalume.org\/#\/schema\/person\/1786314d058710c2398f08eb6986ea66\",\"name\":\"Programa Vagalume\",\"url\":\"https:\/\/programavagalume.org\/gl\/author\/vagalume-vaga\"}]}<\/script>\n<!-- \/ Yoast SEO plugin. -->","yoast_head_json":{"title":"Dispositivo para a atenci\u00f3n e acollida de mulleres v\u00edtimas de explotaci\u00f3n sexual e trata,2018. - Vagalume","robots":{"index":"index","follow":"follow","max-snippet":"max-snippet:-1","max-image-preview":"max-image-preview:large","max-video-preview":"max-video-preview:-1"},"canonical":"https:\/\/programavagalume.org\/gl\/dispositivo-atencion-e-acollida-mulleres-vitimas-explotacion-sexual-e-trata2018.html","og_locale":"es_ES","og_type":"article","og_title":"Dispositivo para a atenci\u00f3n e acollida de mulleres v\u00edtimas de explotaci\u00f3n sexual e trata,2018. - Vagalume","og_url":"https:\/\/programavagalume.org\/gl\/dispositivo-atencion-e-acollida-mulleres-vitimas-explotacion-sexual-e-trata2018.html","og_site_name":"Vagalume","article_published_time":"2019-02-25T10:34:02+00:00","article_modified_time":"2022-01-20T09:13:26+00:00","og_image":[{"width":1326,"height":1052,"url":"http:\/\/programavagalume.org\/ficheros\/uploads\/2019\/02\/programavagalume_dispositivo18-e1551090797497.jpg","type":"image\/jpeg"}],"twitter_card":"summary","twitter_misc":{"Written by":"Programa Vagalume","Est. reading time":"4 minutes"},"schema":{"@context":"https:\/\/schema.org","@graph":[{"@type":"WebSite","@id":"https:\/\/programavagalume.org\/#website","url":"https:\/\/programavagalume.org\/","name":"Vagalume","description":"","potentialAction":[{"@type":"SearchAction","target":{"@type":"EntryPoint","urlTemplate":"https:\/\/programavagalume.org\/?s={search_term_string}"},"query-input":"required name=search_term_string"}],"inLanguage":"es-GL"},{"@type":"ImageObject","@id":"https:\/\/programavagalume.org\/gl\/dispositivo-atencion-e-acollida-mulleres-vitimas-explotacion-sexual-e-trata2018.html#primaryimage","inLanguage":"es-GL","url":"https:\/\/programavagalume.org\/ficheros\/uploads\/2019\/02\/programavagalume_dispositivo18-e1551090797497.jpg","contentUrl":"https:\/\/programavagalume.org\/ficheros\/uploads\/2019\/02\/programavagalume_dispositivo18-e1551090797497.jpg","width":1326,"height":1052},{"@type":"WebPage","@id":"https:\/\/programavagalume.org\/gl\/dispositivo-atencion-e-acollida-mulleres-vitimas-explotacion-sexual-e-trata2018.html#webpage","url":"https:\/\/programavagalume.org\/gl\/dispositivo-atencion-e-acollida-mulleres-vitimas-explotacion-sexual-e-trata2018.html","name":"Dispositivo para a atenci\u00f3n e acollida de mulleres v\u00edtimas de explotaci\u00f3n sexual e trata,2018. - Vagalume","isPartOf":{"@id":"https:\/\/programavagalume.org\/#website"},"primaryImageOfPage":{"@id":"https:\/\/programavagalume.org\/gl\/dispositivo-atencion-e-acollida-mulleres-vitimas-explotacion-sexual-e-trata2018.html#primaryimage"},"datePublished":"2019-02-25T10:34:02+00:00","dateModified":"2022-01-20T09:13:26+00:00","author":{"@id":"https:\/\/programavagalume.org\/#\/schema\/person\/1786314d058710c2398f08eb6986ea66"},"breadcrumb":{"@id":"https:\/\/programavagalume.org\/gl\/dispositivo-atencion-e-acollida-mulleres-vitimas-explotacion-sexual-e-trata2018.html#breadcrumb"},"inLanguage":"es-GL","potentialAction":[{"@type":"ReadAction","target":["https:\/\/programavagalume.org\/gl\/dispositivo-atencion-e-acollida-mulleres-vitimas-explotacion-sexual-e-trata2018.html"]}]},{"@type":"BreadcrumbList","@id":"https:\/\/programavagalume.org\/gl\/dispositivo-atencion-e-acollida-mulleres-vitimas-explotacion-sexual-e-trata2018.html#breadcrumb","itemListElement":[{"@type":"ListItem","position":1,"name":"Portada","item":"https:\/\/programavagalume.org\/gl"},{"@type":"ListItem","position":2,"name":"Dispositivo para a atenci\u00f3n e acollida de mulleres v\u00edtimas de explotaci\u00f3n sexual e trata,2018."}]},{"@type":"Person","@id":"https:\/\/programavagalume.org\/#\/schema\/person\/1786314d058710c2398f08eb6986ea66","name":"Programa Vagalume","url":"https:\/\/programavagalume.org\/gl\/author\/vagalume-vaga"}]}},"_links":{"self":[{"href":"https:\/\/programavagalume.org\/gl\/wp-json\/wp\/v2\/posts\/1767"}],"collection":[{"href":"https:\/\/programavagalume.org\/gl\/wp-json\/wp\/v2\/posts"}],"about":[{"href":"https:\/\/programavagalume.org\/gl\/wp-json\/wp\/v2\/types\/post"}],"author":[{"embeddable":true,"href":"https:\/\/programavagalume.org\/gl\/wp-json\/wp\/v2\/users\/4"}],"replies":[{"embeddable":true,"href":"https:\/\/programavagalume.org\/gl\/wp-json\/wp\/v2\/comments?post=1767"}],"version-history":[{"count":2,"href":"https:\/\/programavagalume.org\/gl\/wp-json\/wp\/v2\/posts\/1767\/revisions"}],"predecessor-version":[{"id":2453,"href":"https:\/\/programavagalume.org\/gl\/wp-json\/wp\/v2\/posts\/1767\/revisions\/2453"}],"wp:featuredmedia":[{"embeddable":true,"href":"https:\/\/programavagalume.org\/gl\/wp-json\/wp\/v2\/media\/1768"}],"wp:attachment":[{"href":"https:\/\/programavagalume.org\/gl\/wp-json\/wp\/v2\/media?parent=1767"}],"wp:term":[{"taxonomy":"category","embeddable":true,"href":"https:\/\/programavagalume.org\/gl\/wp-json\/wp\/v2\/categories?post=1767"},{"taxonomy":"post_tag","embeddable":true,"href":"https:\/\/programavagalume.org\/gl\/wp-json\/wp\/v2\/tags?post=1767"}],"curies":[{"name":"wp","href":"https:\/\/api.w.org\/{rel}","templated":true}]}}