{"id":1717,"date":"2018-12-27T12:33:45","date_gmt":"2018-12-27T11:33:45","guid":{"rendered":"http:\/\/programavagalume.org\/gl\/?p=1717"},"modified":"2022-01-20T10:13:27","modified_gmt":"2022-01-20T09:13:27","slug":"proxecto-avelaina-2","status":"publish","type":"post","link":"https:\/\/programavagalume.org\/gl\/proxecto-avelaina-2.html","title":{"rendered":"PROXECTO AVELA\u00cd\u00d1A"},"content":{"rendered":"<div class=\"fusion-fullwidth fullwidth-box fusion-builder-row-1 hundred-percent-fullwidth non-hundred-percent-height-scrolling\" style=\"background-color: rgba(255,255,255,0);background-position: center center;background-repeat: no-repeat;padding-top:0px;padding-right:0px;padding-bottom:0px;padding-left:0px;margin-bottom: 0px;margin-top: 0px;border-width: 0px 0px 0px 0px;border-color:#eae9e9;border-style:solid;\" ><div class=\"fusion-builder-row fusion-row\"><div class=\"fusion-layout-column fusion_builder_column fusion-builder-column-0 fusion_builder_column_1_1 1_1 fusion-one-full fusion-column-first fusion-column-last fusion-column-no-min-height\" style=\"margin-top:0px;margin-bottom:0px;\"><div class=\"fusion-column-wrapper fusion-flex-column-wrapper-legacy\" style=\"background-position:left top;background-repeat:no-repeat;-webkit-background-size:cover;-moz-background-size:cover;-o-background-size:cover;background-size:cover;padding: 0px 0px 0px 0px;\"><div class=\"fusion-text fusion-text-1\"><div class=\"col_b\">\n<div class=\"textbox\">\n<div id=\"contenedor\" class=\"textarea unknown\" style=\"text-align: justify;\"><strong>Proxecto:<\/strong> Avela\u00ed\u00f1a<\/div>\n<div class=\"textarea unknown\" style=\"text-align: justify;\"><strong> Ano:<\/strong> 2017<\/div>\n<div class=\"textarea unknown\" style=\"text-align: justify;\"><strong>Financia:<\/strong> IRPF<\/div>\n<div class=\"textarea unknown\" style=\"text-align: justify;\"><\/div>\n<div class=\"textarea unknown\" style=\"text-align: justify;\">O proxecto Avela\u00ed\u00f1a durante o ano 2017 dentro do Progama Vagalume trata de conseguir a integraci\u00f3n de mulleres que se atopan en situaci\u00f3n de exclusi\u00f3n, centrando o seu traballo en mellorar a sa\u00fade integral das mulleres.<\/div>\n<div class=\"textarea unknown\" style=\"text-align: justify;\">O modo de acceso das mulleres ao programa \u00e9 a trav\u00e9s de diferentes leitos (derivaci\u00f3n doutros axentes sociais e de sa\u00fade, \u201cboca a boca\u201d entre mulleres, traballo de r\u00faa e achegamento \u00e1 realidade de prostituci\u00f3n, etc).<\/div>\n<div class=\"textarea unknown\" style=\"text-align: justify;\">En todo momento desde que se valora e inicia unha intervenci\u00f3n para axuda \u00e1 muller , \u00e9 prioritario respectar o proceso que cada muller ten e potenciar as s\u00faas capacidades. A intervenci\u00f3n real\u00edzase de forma individual polas peculiaridades de cada caso, e ademais organ\u00edzanse espazos para compartir a trav\u00e9s de grupos de apoio e sesi\u00f3ns grupales de formaci\u00f3n de autocuidado.<\/div>\n<div class=\"textarea unknown\" style=\"text-align: justify;\"><\/div>\n<div class=\"textarea unknown\" style=\"text-align: justify;\"><strong> Obxectivos<\/strong><\/div>\n<ul style=\"text-align: justify;\">\n<li class=\"textarea unknown\">Atender e acompa\u00f1ar \u00e1s mulleres en situaci\u00f3n de exclusi\u00f3n social no acceso e uso responsable de servizos p\u00fablicos socio-sanitarios para a mellora da s\u00faa sa\u00fade e calidade de vida.<\/li>\n<li class=\"textarea unknown\">Fomentar estilos de vida saudables e formar en h\u00e1bitos saudables f\u00edsicos e emocionais que empoderen \u00e1 muller.<\/li>\n<li class=\"textarea unknown\">Establecer medidas eficaces de educaci\u00f3n para a sa\u00fade, especialmente na prevenci\u00f3n de adicci\u00f3ns ou enfermidades infecto-contaxiosas.<\/li>\n<li class=\"textarea unknown\">Posibilitar unha rede de apoio social positiva para minimizar efectos negativos da situaci\u00f3n de exclusi\u00f3n para as mulleres.<\/li>\n<li class=\"textarea unknown\">Crear ou fortalecer espazos de coordinaci\u00f3n e colaboraci\u00f3n inter e intra-profesionais.<\/li>\n<\/ul>\n<div class=\"textarea unknown\" style=\"text-align: justify;\"><strong>Servizos e Recursos <\/strong><\/div>\n<div class=\"textarea unknown\" style=\"text-align: justify;\"><\/div>\n<div class=\"textarea unknown\" style=\"text-align: justify;\">Os servizos que se ofrecen \u00e1s mulleres participantes do proxecto est\u00e1n destinados a fortalecer a s\u00faa sa\u00fade integral durante todo o seu ciclo vital e en situaci\u00f3ns de especial vulnerabilidade:<\/div>\n<ul style=\"text-align: justify;\">\n<li>Entrevista de valoraci\u00f3n e acollida da muller e a s\u00faa demanda de necesidades.<\/li>\n<li>Orientaci\u00f3n e mediaci\u00f3n socio-sanitaria e acompa\u00f1amentos.<\/li>\n<li>Educaci\u00f3n e promoci\u00f3n para a sa\u00fade<\/li>\n<li>Atenci\u00f3n psicol\u00f3xica.<\/li>\n<\/ul>\n<div class=\"textarea unknown\" style=\"text-align: justify;\"><\/div>\n<div class=\"textarea unknown\" style=\"text-align: justify;\">A atenci\u00f3n \u00e1s mulleres e o desenvolvemento das diferentes actividades do proxecto \u00e9 posible polo labor e implicaci\u00f3n tanto do persoal contratado para tal fin, como do comprometido equipo de voluntarias e voluntarios que participan no centro.<\/div>\n<div class=\"textarea unknown\" style=\"text-align: justify;\"><\/div>\n<div class=\"textarea unknown\" style=\"text-align: justify;\"><strong>Resultados <\/strong><\/div>\n<div class=\"textarea unknown\" style=\"text-align: justify;\">Ata o momento no Programa Vagalume 37 mulleres foron beneficiarias directas deste proxecto, contando con atenci\u00f3n psicol\u00f3xica e cun proxecto individual de mellora da s\u00faa sa\u00fade.<\/div>\n<div class=\"textarea unknown\" style=\"text-align: justify;\">Ademais 18 mulleres participaron activamente en diferentes talleres sobre sa\u00fade integral, promoci\u00f3n da igualdade e prevenci\u00f3n da violencia machista.<\/div>\n<div class=\"options\"><\/div>\n<\/div>\n<\/div>\n<\/div><div class=\"fusion-clearfix\"><\/div><\/div><\/div><\/div><style type=\"text\/css\">.fusion-fullwidth.fusion-builder-row-1 { overflow:visible; }<\/style><\/div>\n","protected":false},"excerpt":{"rendered":"","protected":false},"author":4,"featured_media":1204,"comment_status":"closed","ping_status":"open","sticky":false,"template":"","format":"standard","meta":[],"categories":[8],"tags":[61,45,194,48,39,192,27,310,193,88],"yoast_head":"<!-- This site is optimized with the Yoast SEO plugin v17.9 - https:\/\/yoast.com\/wordpress\/plugins\/seo\/ -->\n<title>PROXECTO AVELA\u00cd\u00d1A - Vagalume<\/title>\n<meta name=\"robots\" content=\"index, follow, max-snippet:-1, max-image-preview:large, max-video-preview:-1\" \/>\n<link rel=\"canonical\" href=\"https:\/\/programavagalume.org\/gl\/proxecto-avelaina-2.html\" \/>\n<meta property=\"og:locale\" content=\"es_ES\" \/>\n<meta property=\"og:type\" content=\"article\" \/>\n<meta property=\"og:title\" content=\"PROXECTO AVELA\u00cd\u00d1A - Vagalume\" \/>\n<meta property=\"og:url\" content=\"https:\/\/programavagalume.org\/gl\/proxecto-avelaina-2.html\" \/>\n<meta property=\"og:site_name\" content=\"Vagalume\" \/>\n<meta property=\"article:published_time\" content=\"2018-12-27T11:33:45+00:00\" \/>\n<meta property=\"article:modified_time\" content=\"2022-01-20T09:13:27+00:00\" \/>\n<meta property=\"og:image\" content=\"http:\/\/programavagalume.org\/ficheros\/uploads\/2016\/12\/programavagalume_salud.jpg\" \/>\n\t<meta property=\"og:image:width\" content=\"960\" \/>\n\t<meta property=\"og:image:height\" content=\"641\" \/>\n\t<meta property=\"og:image:type\" content=\"image\/jpeg\" \/>\n<meta name=\"twitter:card\" content=\"summary\" \/>\n<meta name=\"twitter:label1\" content=\"Written by\" \/>\n\t<meta name=\"twitter:data1\" content=\"Programa Vagalume\" \/>\n\t<meta name=\"twitter:label2\" content=\"Est. reading time\" \/>\n\t<meta name=\"twitter:data2\" content=\"2 minutes\" \/>\n<script type=\"application\/ld+json\" class=\"yoast-schema-graph\">{\"@context\":\"https:\/\/schema.org\",\"@graph\":[{\"@type\":\"WebSite\",\"@id\":\"https:\/\/programavagalume.org\/#website\",\"url\":\"https:\/\/programavagalume.org\/\",\"name\":\"Vagalume\",\"description\":\"\",\"potentialAction\":[{\"@type\":\"SearchAction\",\"target\":{\"@type\":\"EntryPoint\",\"urlTemplate\":\"https:\/\/programavagalume.org\/?s={search_term_string}\"},\"query-input\":\"required name=search_term_string\"}],\"inLanguage\":\"es-GL\"},{\"@type\":\"ImageObject\",\"@id\":\"https:\/\/programavagalume.org\/gl\/proxecto-avelaina-2.html#primaryimage\",\"inLanguage\":\"es-GL\",\"url\":\"https:\/\/programavagalume.org\/ficheros\/uploads\/2016\/12\/programavagalume_salud.jpg\",\"contentUrl\":\"https:\/\/programavagalume.org\/ficheros\/uploads\/2016\/12\/programavagalume_salud.jpg\",\"width\":960,\"height\":641},{\"@type\":\"WebPage\",\"@id\":\"https:\/\/programavagalume.org\/gl\/proxecto-avelaina-2.html#webpage\",\"url\":\"https:\/\/programavagalume.org\/gl\/proxecto-avelaina-2.html\",\"name\":\"PROXECTO AVELA\\u00cd\\u00d1A - Vagalume\",\"isPartOf\":{\"@id\":\"https:\/\/programavagalume.org\/#website\"},\"primaryImageOfPage\":{\"@id\":\"https:\/\/programavagalume.org\/gl\/proxecto-avelaina-2.html#primaryimage\"},\"datePublished\":\"2018-12-27T11:33:45+00:00\",\"dateModified\":\"2022-01-20T09:13:27+00:00\",\"author\":{\"@id\":\"https:\/\/programavagalume.org\/#\/schema\/person\/1786314d058710c2398f08eb6986ea66\"},\"breadcrumb\":{\"@id\":\"https:\/\/programavagalume.org\/gl\/proxecto-avelaina-2.html#breadcrumb\"},\"inLanguage\":\"es-GL\",\"potentialAction\":[{\"@type\":\"ReadAction\",\"target\":[\"https:\/\/programavagalume.org\/gl\/proxecto-avelaina-2.html\"]}]},{\"@type\":\"BreadcrumbList\",\"@id\":\"https:\/\/programavagalume.org\/gl\/proxecto-avelaina-2.html#breadcrumb\",\"itemListElement\":[{\"@type\":\"ListItem\",\"position\":1,\"name\":\"Portada\",\"item\":\"https:\/\/programavagalume.org\/gl\"},{\"@type\":\"ListItem\",\"position\":2,\"name\":\"PROXECTO AVELA\\u00cd\\u00d1A\"}]},{\"@type\":\"Person\",\"@id\":\"https:\/\/programavagalume.org\/#\/schema\/person\/1786314d058710c2398f08eb6986ea66\",\"name\":\"Programa Vagalume\",\"url\":\"https:\/\/programavagalume.org\/gl\/author\/vagalume-vaga\"}]}<\/script>\n<!-- \/ Yoast SEO plugin. -->","yoast_head_json":{"title":"PROXECTO AVELA\u00cd\u00d1A - Vagalume","robots":{"index":"index","follow":"follow","max-snippet":"max-snippet:-1","max-image-preview":"max-image-preview:large","max-video-preview":"max-video-preview:-1"},"canonical":"https:\/\/programavagalume.org\/gl\/proxecto-avelaina-2.html","og_locale":"es_ES","og_type":"article","og_title":"PROXECTO AVELA\u00cd\u00d1A - Vagalume","og_url":"https:\/\/programavagalume.org\/gl\/proxecto-avelaina-2.html","og_site_name":"Vagalume","article_published_time":"2018-12-27T11:33:45+00:00","article_modified_time":"2022-01-20T09:13:27+00:00","og_image":[{"width":960,"height":641,"url":"http:\/\/programavagalume.org\/ficheros\/uploads\/2016\/12\/programavagalume_salud.jpg","type":"image\/jpeg"}],"twitter_card":"summary","twitter_misc":{"Written by":"Programa Vagalume","Est. reading time":"2 minutes"},"schema":{"@context":"https:\/\/schema.org","@graph":[{"@type":"WebSite","@id":"https:\/\/programavagalume.org\/#website","url":"https:\/\/programavagalume.org\/","name":"Vagalume","description":"","potentialAction":[{"@type":"SearchAction","target":{"@type":"EntryPoint","urlTemplate":"https:\/\/programavagalume.org\/?s={search_term_string}"},"query-input":"required name=search_term_string"}],"inLanguage":"es-GL"},{"@type":"ImageObject","@id":"https:\/\/programavagalume.org\/gl\/proxecto-avelaina-2.html#primaryimage","inLanguage":"es-GL","url":"https:\/\/programavagalume.org\/ficheros\/uploads\/2016\/12\/programavagalume_salud.jpg","contentUrl":"https:\/\/programavagalume.org\/ficheros\/uploads\/2016\/12\/programavagalume_salud.jpg","width":960,"height":641},{"@type":"WebPage","@id":"https:\/\/programavagalume.org\/gl\/proxecto-avelaina-2.html#webpage","url":"https:\/\/programavagalume.org\/gl\/proxecto-avelaina-2.html","name":"PROXECTO AVELA\u00cd\u00d1A - Vagalume","isPartOf":{"@id":"https:\/\/programavagalume.org\/#website"},"primaryImageOfPage":{"@id":"https:\/\/programavagalume.org\/gl\/proxecto-avelaina-2.html#primaryimage"},"datePublished":"2018-12-27T11:33:45+00:00","dateModified":"2022-01-20T09:13:27+00:00","author":{"@id":"https:\/\/programavagalume.org\/#\/schema\/person\/1786314d058710c2398f08eb6986ea66"},"breadcrumb":{"@id":"https:\/\/programavagalume.org\/gl\/proxecto-avelaina-2.html#breadcrumb"},"inLanguage":"es-GL","potentialAction":[{"@type":"ReadAction","target":["https:\/\/programavagalume.org\/gl\/proxecto-avelaina-2.html"]}]},{"@type":"BreadcrumbList","@id":"https:\/\/programavagalume.org\/gl\/proxecto-avelaina-2.html#breadcrumb","itemListElement":[{"@type":"ListItem","position":1,"name":"Portada","item":"https:\/\/programavagalume.org\/gl"},{"@type":"ListItem","position":2,"name":"PROXECTO AVELA\u00cd\u00d1A"}]},{"@type":"Person","@id":"https:\/\/programavagalume.org\/#\/schema\/person\/1786314d058710c2398f08eb6986ea66","name":"Programa Vagalume","url":"https:\/\/programavagalume.org\/gl\/author\/vagalume-vaga"}]}},"_links":{"self":[{"href":"https:\/\/programavagalume.org\/gl\/wp-json\/wp\/v2\/posts\/1717"}],"collection":[{"href":"https:\/\/programavagalume.org\/gl\/wp-json\/wp\/v2\/posts"}],"about":[{"href":"https:\/\/programavagalume.org\/gl\/wp-json\/wp\/v2\/types\/post"}],"author":[{"embeddable":true,"href":"https:\/\/programavagalume.org\/gl\/wp-json\/wp\/v2\/users\/4"}],"replies":[{"embeddable":true,"href":"https:\/\/programavagalume.org\/gl\/wp-json\/wp\/v2\/comments?post=1717"}],"version-history":[{"count":2,"href":"https:\/\/programavagalume.org\/gl\/wp-json\/wp\/v2\/posts\/1717\/revisions"}],"predecessor-version":[{"id":2460,"href":"https:\/\/programavagalume.org\/gl\/wp-json\/wp\/v2\/posts\/1717\/revisions\/2460"}],"wp:featuredmedia":[{"embeddable":true,"href":"https:\/\/programavagalume.org\/gl\/wp-json\/wp\/v2\/media\/1204"}],"wp:attachment":[{"href":"https:\/\/programavagalume.org\/gl\/wp-json\/wp\/v2\/media?parent=1717"}],"wp:term":[{"taxonomy":"category","embeddable":true,"href":"https:\/\/programavagalume.org\/gl\/wp-json\/wp\/v2\/categories?post=1717"},{"taxonomy":"post_tag","embeddable":true,"href":"https:\/\/programavagalume.org\/gl\/wp-json\/wp\/v2\/tags?post=1717"}],"curies":[{"name":"wp","href":"https:\/\/api.w.org\/{rel}","templated":true}]}}